{"id":22213,"date":"2023-10-27T10:40:15","date_gmt":"2023-10-27T14:40:15","guid":{"rendered":"https:\/\/www.pedroandretta.info\/index\/?p=22213"},"modified":"2023-10-27T10:40:15","modified_gmt":"2023-10-27T14:40:15","slug":"academia-brasileira-de-letras-define-dorama-como-nova-palavra-do-portugues","status":"publish","type":"post","link":"https:\/\/www.pedroandretta.info\/index\/2023\/10\/academia-brasileira-de-letras-define-dorama-como-nova-palavra-do-portugues\/","title":{"rendered":"Academia Brasileira de Letras define &#8216;dorama&#8217; como nova palavra do portugu\u00eas"},"content":{"rendered":"\n<p><strong>Academia Brasileira de Letras define &#8216;dorama&#8217; como nova palavra do portugu\u00eas<\/strong><\/p>\n\n\n\n<p>A Nova Palavra \u00e9: dorama s.m.<\/p>\n\n\n\n<p>Obra audiovisual de fic\u00e7\u00e3o em formato de s\u00e9rie, produzida no leste e sudeste da \u00c1sia, de g\u00eaneros e temas diversos, em geral com elenco local e no idioma do pa\u00eds de origem.<\/p>\n\n\n\n<p>via ABL<\/p>\n\n\n\n<p>#ABL #Dorama #L\u00ednguaPortugu\u00easa<\/p>\n\n\n\n<p>Dispon\u00edvel em: <a href=\"https:\/\/www.academia.org.br\/nossa-lingua\/nova-palavra\/dorama\">https:\/\/www.academia.org.br\/nossa-lingua\/nova-palavra\/dorama<\/a><\/p>\n\n\n\n<figure class=\"wp-block-image size-full\"><img data-recalc-dims=\"1\" decoding=\"async\" width=\"599\" height=\"599\" src=\"https:\/\/i0.wp.com\/www.pedroandretta.info\/index\/wp-content\/uploads\/2023\/10\/image-102.png?resize=599%2C599&#038;ssl=1\" alt=\"\" class=\"wp-image-22214\" srcset=\"https:\/\/i0.wp.com\/www.pedroandretta.info\/index\/wp-content\/uploads\/2023\/10\/image-102.png?w=599&amp;ssl=1 599w, https:\/\/i0.wp.com\/www.pedroandretta.info\/index\/wp-content\/uploads\/2023\/10\/image-102.png?resize=300%2C300&amp;ssl=1 300w, https:\/\/i0.wp.com\/www.pedroandretta.info\/index\/wp-content\/uploads\/2023\/10\/image-102.png?resize=150%2C150&amp;ssl=1 150w\" sizes=\"(max-width: 599px) 100vw, 599px\" \/><\/figure>\n","protected":false},"excerpt":{"rendered":"<p>Academia Brasileira de Letras define &#8216;dorama&#8217; como nova palavra do portugu\u00eas A Nova Palavra \u00e9: dorama s.m. Obra audiovisual de fic\u00e7\u00e3o em formato de s\u00e9rie, produzida no leste e sudeste da \u00c1sia, de g\u00eaneros e temas diversos, em geral com elenco local e no idioma do pa\u00eds de origem. via ABL #ABL #Dorama #L\u00ednguaPortugu\u00easa Dispon\u00edvel<\/p><\/div>\n<div class=\"blog-btn\"><a href=\"https:\/\/www.pedroandretta.info\/index\/2023\/10\/academia-brasileira-de-letras-define-dorama-como-nova-palavra-do-portugues\/\" class=\"home-blog-btn\">Ler mais<\/a><\/p>\n","protected":false},"author":1,"featured_media":0,"comment_status":"open","ping_status":"open","sticky":false,"template":"","format":"standard","meta":{"_jetpack_memberships_contains_paid_content":false,"footnotes":"","jetpack_publicize_message":"","jetpack_publicize_feature_enabled":true,"jetpack_social_post_already_shared":true,"jetpack_social_options":{"image_generator_settings":{"template":"highway","default_image_id":0,"font":"","enabled":false},"version":2}},"categories":[21],"tags":[1425,3603,2649],"class_list":["post-22213","post","type-post","status-publish","format-standard","hentry","category-informeci","tag-abl","tag-dorama","tag-linguaportuguesa"],"jetpack_publicize_connections":[],"jetpack_featured_media_url":"","views":"","jetpack_sharing_enabled":true,"_links":{"self":[{"href":"https:\/\/www.pedroandretta.info\/index\/wp-json\/wp\/v2\/posts\/22213","targetHints":{"allow":["GET"]}}],"collection":[{"href":"https:\/\/www.pedroandretta.info\/index\/wp-json\/wp\/v2\/posts"}],"about":[{"href":"https:\/\/www.pedroandretta.info\/index\/wp-json\/wp\/v2\/types\/post"}],"author":[{"embeddable":true,"href":"https:\/\/www.pedroandretta.info\/index\/wp-json\/wp\/v2\/users\/1"}],"replies":[{"embeddable":true,"href":"https:\/\/www.pedroandretta.info\/index\/wp-json\/wp\/v2\/comments?post=22213"}],"version-history":[{"count":0,"href":"https:\/\/www.pedroandretta.info\/index\/wp-json\/wp\/v2\/posts\/22213\/revisions"}],"wp:attachment":[{"href":"https:\/\/www.pedroandretta.info\/index\/wp-json\/wp\/v2\/media?parent=22213"}],"wp:term":[{"taxonomy":"category","embeddable":true,"href":"https:\/\/www.pedroandretta.info\/index\/wp-json\/wp\/v2\/categories?post=22213"},{"taxonomy":"post_tag","embeddable":true,"href":"https:\/\/www.pedroandretta.info\/index\/wp-json\/wp\/v2\/tags?post=22213"}],"curies":[{"name":"wp","href":"https:\/\/api.w.org\/{rel}","templated":true}]}}