{"id":22250,"date":"2023-10-28T20:38:59","date_gmt":"2023-10-29T00:38:59","guid":{"rendered":"https:\/\/www.pedroandretta.info\/index\/?p=22250"},"modified":"2023-10-28T20:39:02","modified_gmt":"2023-10-29T00:39:02","slug":"as-bibliotecas-sao-centros-dinamicos-cheios-de-atividade-e-vida-social","status":"publish","type":"post","link":"https:\/\/www.pedroandretta.info\/index\/2023\/10\/as-bibliotecas-sao-centros-dinamicos-cheios-de-atividade-e-vida-social\/","title":{"rendered":"As bibliotecas s\u00e3o centros din\u00e2micos, cheios de atividade e vida social"},"content":{"rendered":"\n<p><strong>As bibliotecas s\u00e3o centros din\u00e2micos, cheios de atividade e vida social<\/strong><\/p>\n\n\n\n<p>Um relat\u00f3rio do Conselho de Coopera\u00e7\u00e3o Biblioteca do Minist\u00e9rio de Cultura e Esporte da Espanha destaca a \u201ctransforma\u00e7\u00e3o not\u00e1vel\u201d que foram experimentadas nas bibliotecas p\u00fablicas e o papel que eles desenvolveram, enfatizando que foram abandonados de serem espa\u00e7os focados na acumula\u00e7\u00e3o de livros para convers\u00e3o em centros din\u00e2micos de intera\u00e7\u00e3o social e colabora\u00e7\u00e3o comunit\u00e1ria.<\/p>\n\n\n\n<p>#Bibliotecas #ImpactoDasBibliotecas<\/p>\n\n\n\n<p>via La Vanguardia<\/p>\n\n\n\n<p>Dispon\u00edvel em: <a href=\"https:\/\/www.lavanguardia.com\/vida\/20231020\/9315743\/bibliotecas-son-centros-dinamicos-llenos-actividad-vida-social-informe.html\">https:\/\/www.lavanguardia.com\/vida\/20231020\/9315743\/bibliotecas-son-centros-dinamicos-llenos-actividad-vida-social-informe.html<\/a><\/p>\n\n\n\n<figure class=\"wp-block-image size-full\"><img data-recalc-dims=\"1\" decoding=\"async\" width=\"391\" height=\"550\" src=\"https:\/\/i0.wp.com\/www.pedroandretta.info\/index\/wp-content\/uploads\/2023\/10\/image-112.png?resize=391%2C550&#038;ssl=1\" alt=\"\" class=\"wp-image-22251\" srcset=\"https:\/\/i0.wp.com\/www.pedroandretta.info\/index\/wp-content\/uploads\/2023\/10\/image-112.png?w=391&amp;ssl=1 391w, https:\/\/i0.wp.com\/www.pedroandretta.info\/index\/wp-content\/uploads\/2023\/10\/image-112.png?resize=213%2C300&amp;ssl=1 213w\" sizes=\"(max-width: 391px) 100vw, 391px\" \/><\/figure>\n","protected":false},"excerpt":{"rendered":"<p>As bibliotecas s\u00e3o centros din\u00e2micos, cheios de atividade e vida social Um relat\u00f3rio do Conselho de Coopera\u00e7\u00e3o Biblioteca do Minist\u00e9rio de Cultura e Esporte da Espanha destaca a \u201ctransforma\u00e7\u00e3o not\u00e1vel\u201d que foram experimentadas nas bibliotecas p\u00fablicas e o papel que eles desenvolveram, enfatizando que foram abandonados de serem espa\u00e7os focados na acumula\u00e7\u00e3o de livros para<\/p><\/div>\n<div class=\"blog-btn\"><a href=\"https:\/\/www.pedroandretta.info\/index\/2023\/10\/as-bibliotecas-sao-centros-dinamicos-cheios-de-atividade-e-vida-social\/\" class=\"home-blog-btn\">Ler mais<\/a><\/p>\n","protected":false},"author":1,"featured_media":0,"comment_status":"open","ping_status":"open","sticky":false,"template":"","format":"standard","meta":{"_jetpack_memberships_contains_paid_content":false,"footnotes":"","jetpack_publicize_message":"","jetpack_publicize_feature_enabled":true,"jetpack_social_post_already_shared":true,"jetpack_social_options":{"image_generator_settings":{"template":"highway","default_image_id":0,"font":"","enabled":false},"version":2}},"categories":[21],"tags":[38,3301],"class_list":["post-22250","post","type-post","status-publish","format-standard","hentry","category-informeci","tag-bibliotecas","tag-impactodasbibliotecas"],"jetpack_publicize_connections":[],"jetpack_featured_media_url":"","views":"","jetpack_sharing_enabled":true,"_links":{"self":[{"href":"https:\/\/www.pedroandretta.info\/index\/wp-json\/wp\/v2\/posts\/22250","targetHints":{"allow":["GET"]}}],"collection":[{"href":"https:\/\/www.pedroandretta.info\/index\/wp-json\/wp\/v2\/posts"}],"about":[{"href":"https:\/\/www.pedroandretta.info\/index\/wp-json\/wp\/v2\/types\/post"}],"author":[{"embeddable":true,"href":"https:\/\/www.pedroandretta.info\/index\/wp-json\/wp\/v2\/users\/1"}],"replies":[{"embeddable":true,"href":"https:\/\/www.pedroandretta.info\/index\/wp-json\/wp\/v2\/comments?post=22250"}],"version-history":[{"count":0,"href":"https:\/\/www.pedroandretta.info\/index\/wp-json\/wp\/v2\/posts\/22250\/revisions"}],"wp:attachment":[{"href":"https:\/\/www.pedroandretta.info\/index\/wp-json\/wp\/v2\/media?parent=22250"}],"wp:term":[{"taxonomy":"category","embeddable":true,"href":"https:\/\/www.pedroandretta.info\/index\/wp-json\/wp\/v2\/categories?post=22250"},{"taxonomy":"post_tag","embeddable":true,"href":"https:\/\/www.pedroandretta.info\/index\/wp-json\/wp\/v2\/tags?post=22250"}],"curies":[{"name":"wp","href":"https:\/\/api.w.org\/{rel}","templated":true}]}}