{"id":22276,"date":"2023-10-30T16:12:59","date_gmt":"2023-10-30T20:12:59","guid":{"rendered":"https:\/\/www.pedroandretta.info\/index\/?p=22276"},"modified":"2023-10-30T16:13:02","modified_gmt":"2023-10-30T20:13:02","slug":"sindrome-de-burnout-acomete-30-dos-trabalhadores-brasileiros","status":"publish","type":"post","link":"https:\/\/www.pedroandretta.info\/index\/2023\/10\/sindrome-de-burnout-acomete-30-dos-trabalhadores-brasileiros\/","title":{"rendered":"S\u00edndrome de burnout acomete 30% dos trabalhadores brasileiros"},"content":{"rendered":"\n<p><strong>S\u00edndrome de burnout acomete 30% dos trabalhadores brasileiros<\/strong><\/p>\n\n\n\n<p>A s\u00edndrome de burnout envolve uma ideia de esgotamento mental do trabalhador, condi\u00e7\u00e3o na qual o profissional tem dificuldade em realizar suas tarefas e chega muito pr\u00f3ximo a um estado de depress\u00e3o.<\/p>\n\n\n\n<p>#Burnout #Trabalho<\/p>\n\n\n\n<p>via Jornal da USP<\/p>\n\n\n\n<p>Dispon\u00edvel em: <a href=\"https:\/\/jornal.usp.br\/radio-usp\/sindrome-de-burnout-acomete-30-dos-trabalhadores-brasileiros\/\">https:\/\/jornal.usp.br\/radio-usp\/sindrome-de-burnout-acomete-30-dos-trabalhadores-brasileiros\/<\/a><\/p>\n\n\n\n<figure class=\"wp-block-image size-large\"><img data-recalc-dims=\"1\" decoding=\"async\" width=\"600\" height=\"385\" src=\"https:\/\/i0.wp.com\/www.pedroandretta.info\/index\/wp-content\/uploads\/2023\/10\/image-119.png?resize=600%2C385&#038;ssl=1\" alt=\"\" class=\"wp-image-22277\" srcset=\"https:\/\/i0.wp.com\/www.pedroandretta.info\/index\/wp-content\/uploads\/2023\/10\/image-119.png?resize=600%2C385&amp;ssl=1 600w, https:\/\/i0.wp.com\/www.pedroandretta.info\/index\/wp-content\/uploads\/2023\/10\/image-119.png?resize=300%2C192&amp;ssl=1 300w, https:\/\/i0.wp.com\/www.pedroandretta.info\/index\/wp-content\/uploads\/2023\/10\/image-119.png?resize=768%2C492&amp;ssl=1 768w, https:\/\/i0.wp.com\/www.pedroandretta.info\/index\/wp-content\/uploads\/2023\/10\/image-119.png?w=847&amp;ssl=1 847w\" sizes=\"(max-width: 600px) 100vw, 600px\" \/><\/figure>\n","protected":false},"excerpt":{"rendered":"<p>S\u00edndrome de burnout acomete 30% dos trabalhadores brasileiros A s\u00edndrome de burnout envolve uma ideia de esgotamento mental do trabalhador, condi\u00e7\u00e3o na qual o profissional tem dificuldade em realizar suas tarefas e chega muito pr\u00f3ximo a um estado de depress\u00e3o. #Burnout #Trabalho via Jornal da USP Dispon\u00edvel em: https:\/\/jornal.usp.br\/radio-usp\/sindrome-de-burnout-acomete-30-dos-trabalhadores-brasileiros\/<\/p>\n","protected":false},"author":1,"featured_media":0,"comment_status":"open","ping_status":"open","sticky":false,"template":"","format":"standard","meta":{"_jetpack_memberships_contains_paid_content":false,"footnotes":"","jetpack_publicize_message":"","jetpack_publicize_feature_enabled":true,"jetpack_social_post_already_shared":true,"jetpack_social_options":{"image_generator_settings":{"template":"highway","default_image_id":0,"font":"","enabled":false},"version":2}},"categories":[21],"tags":[1103,176],"class_list":["post-22276","post","type-post","status-publish","format-standard","hentry","category-informeci","tag-burnout","tag-trabalho"],"jetpack_publicize_connections":[],"jetpack_featured_media_url":"","views":"","jetpack_sharing_enabled":true,"_links":{"self":[{"href":"https:\/\/www.pedroandretta.info\/index\/wp-json\/wp\/v2\/posts\/22276","targetHints":{"allow":["GET"]}}],"collection":[{"href":"https:\/\/www.pedroandretta.info\/index\/wp-json\/wp\/v2\/posts"}],"about":[{"href":"https:\/\/www.pedroandretta.info\/index\/wp-json\/wp\/v2\/types\/post"}],"author":[{"embeddable":true,"href":"https:\/\/www.pedroandretta.info\/index\/wp-json\/wp\/v2\/users\/1"}],"replies":[{"embeddable":true,"href":"https:\/\/www.pedroandretta.info\/index\/wp-json\/wp\/v2\/comments?post=22276"}],"version-history":[{"count":0,"href":"https:\/\/www.pedroandretta.info\/index\/wp-json\/wp\/v2\/posts\/22276\/revisions"}],"wp:attachment":[{"href":"https:\/\/www.pedroandretta.info\/index\/wp-json\/wp\/v2\/media?parent=22276"}],"wp:term":[{"taxonomy":"category","embeddable":true,"href":"https:\/\/www.pedroandretta.info\/index\/wp-json\/wp\/v2\/categories?post=22276"},{"taxonomy":"post_tag","embeddable":true,"href":"https:\/\/www.pedroandretta.info\/index\/wp-json\/wp\/v2\/tags?post=22276"}],"curies":[{"name":"wp","href":"https:\/\/api.w.org\/{rel}","templated":true}]}}