{"id":22289,"date":"2023-10-31T16:27:46","date_gmt":"2023-10-31T20:27:46","guid":{"rendered":"https:\/\/www.pedroandretta.info\/index\/?p=22289"},"modified":"2023-10-31T16:27:49","modified_gmt":"2023-10-31T20:27:49","slug":"ensino-presencial-e-faculdades-publicas-tem-desempenho-melhor-no-enade-2022","status":"publish","type":"post","link":"https:\/\/www.pedroandretta.info\/index\/2023\/10\/ensino-presencial-e-faculdades-publicas-tem-desempenho-melhor-no-enade-2022\/","title":{"rendered":"Ensino presencial e faculdades p\u00fablicas t\u00eam desempenho melhor no Enade 2022"},"content":{"rendered":"\n<p><strong>Ensino presencial e faculdades p\u00fablicas t\u00eam desempenho melhor no Enade 2022<\/strong><\/p>\n\n\n\n<p>As universidades p\u00fablicas, sejam elas federais e estaduais, t\u00eam mais estudantes nas faixas maiores do conceito (4 e 5), afirmou o diretor de avalia\u00e7\u00e3o da educa\u00e7\u00e3o superior do Inep, Ulysses Tavares Teixeira. J\u00e1 as matr\u00edculas das privadas se concentram nos \u00edndices 2 e 3.<\/p>\n\n\n\n<p>#UniversidadesP\u00fablicas #ENADE #EnsinoSuperior #EaD<\/p>\n\n\n\n<p>via UOL<\/p>\n\n\n\n<p>Dispon\u00edvel em: <a href=\"https:\/\/educacao.uol.com.br\/noticias\/2023\/10\/31\/resultados-enade-2022.htm\">https:\/\/educacao.uol.com.br\/noticias\/2023\/10\/31\/resultados-enade-2022.htm<\/a><\/p>\n\n\n\n<figure class=\"wp-block-image size-full\"><img data-recalc-dims=\"1\" decoding=\"async\" width=\"489\" height=\"445\" src=\"https:\/\/i0.wp.com\/www.pedroandretta.info\/index\/wp-content\/uploads\/2023\/10\/image-125.png?resize=489%2C445&#038;ssl=1\" alt=\"\" class=\"wp-image-22292\" srcset=\"https:\/\/i0.wp.com\/www.pedroandretta.info\/index\/wp-content\/uploads\/2023\/10\/image-125.png?w=489&amp;ssl=1 489w, https:\/\/i0.wp.com\/www.pedroandretta.info\/index\/wp-content\/uploads\/2023\/10\/image-125.png?resize=300%2C273&amp;ssl=1 300w\" sizes=\"(max-width: 489px) 100vw, 489px\" \/><\/figure>\n","protected":false},"excerpt":{"rendered":"<p>Ensino presencial e faculdades p\u00fablicas t\u00eam desempenho melhor no Enade 2022 As universidades p\u00fablicas, sejam elas federais e estaduais, t\u00eam mais estudantes nas faixas maiores do conceito (4 e 5), afirmou o diretor de avalia\u00e7\u00e3o da educa\u00e7\u00e3o superior do Inep, Ulysses Tavares Teixeira. J\u00e1 as matr\u00edculas das privadas se concentram nos \u00edndices 2 e 3.<\/p><\/div>\n<div class=\"blog-btn\"><a href=\"https:\/\/www.pedroandretta.info\/index\/2023\/10\/ensino-presencial-e-faculdades-publicas-tem-desempenho-melhor-no-enade-2022\/\" class=\"home-blog-btn\">Ler mais<\/a><\/p>\n","protected":false},"author":1,"featured_media":0,"comment_status":"open","ping_status":"open","sticky":false,"template":"","format":"standard","meta":{"_jetpack_memberships_contains_paid_content":false,"footnotes":"","jetpack_publicize_message":"","jetpack_publicize_feature_enabled":true,"jetpack_social_post_already_shared":true,"jetpack_social_options":{"image_generator_settings":{"template":"highway","default_image_id":0,"font":"","enabled":false},"version":2}},"categories":[21],"tags":[324,1504,888,819],"class_list":["post-22289","post","type-post","status-publish","format-standard","hentry","category-informeci","tag-ead","tag-enade","tag-ensinosuperior","tag-universidadespublicas"],"jetpack_publicize_connections":[],"jetpack_featured_media_url":"","views":"","jetpack_sharing_enabled":true,"_links":{"self":[{"href":"https:\/\/www.pedroandretta.info\/index\/wp-json\/wp\/v2\/posts\/22289","targetHints":{"allow":["GET"]}}],"collection":[{"href":"https:\/\/www.pedroandretta.info\/index\/wp-json\/wp\/v2\/posts"}],"about":[{"href":"https:\/\/www.pedroandretta.info\/index\/wp-json\/wp\/v2\/types\/post"}],"author":[{"embeddable":true,"href":"https:\/\/www.pedroandretta.info\/index\/wp-json\/wp\/v2\/users\/1"}],"replies":[{"embeddable":true,"href":"https:\/\/www.pedroandretta.info\/index\/wp-json\/wp\/v2\/comments?post=22289"}],"version-history":[{"count":0,"href":"https:\/\/www.pedroandretta.info\/index\/wp-json\/wp\/v2\/posts\/22289\/revisions"}],"wp:attachment":[{"href":"https:\/\/www.pedroandretta.info\/index\/wp-json\/wp\/v2\/media?parent=22289"}],"wp:term":[{"taxonomy":"category","embeddable":true,"href":"https:\/\/www.pedroandretta.info\/index\/wp-json\/wp\/v2\/categories?post=22289"},{"taxonomy":"post_tag","embeddable":true,"href":"https:\/\/www.pedroandretta.info\/index\/wp-json\/wp\/v2\/tags?post=22289"}],"curies":[{"name":"wp","href":"https:\/\/api.w.org\/{rel}","templated":true}]}}