{"id":22327,"date":"2023-11-03T08:09:52","date_gmt":"2023-11-03T12:09:52","guid":{"rendered":"https:\/\/www.pedroandretta.info\/index\/?p=22327"},"modified":"2023-11-03T08:09:55","modified_gmt":"2023-11-03T12:09:55","slug":"projetando-bibliotecas-para-diversidade-equidade-e-inclusao","status":"publish","type":"post","link":"https:\/\/www.pedroandretta.info\/index\/2023\/11\/projetando-bibliotecas-para-diversidade-equidade-e-inclusao\/","title":{"rendered":"Projetando Bibliotecas para Diversidade, Equidade e Inclus\u00e3o"},"content":{"rendered":"\n<p><strong>Projetando Bibliotecas para Diversidade, Equidade e Inclus\u00e3o<\/strong><\/p>\n\n\n\n<p>As iniciativas do DEI j\u00e1 est\u00e3o sendo incorporadas aos acervos, pol\u00edticas e programas da biblioteca; entretanto, o projeto do edif\u00edcio nem sempre oferece um ambiente adequado a esses objetivos. Os edif\u00edcios das bibliotecas devem ser concebidos com inten\u00e7\u00e3o, e uma abordagem mais ponderada utilizando os princ\u00edpios da DEI pode levar a instala\u00e7\u00f5es intrinsecamente inclusivas.<\/p>\n\n\n\n<p>via Library Journal<\/p>\n\n\n\n<p>#Diversidade #Inclus\u00e3o #Equidade #Bibliotecas #Gest\u00e3oDeBibliotecas<\/p>\n\n\n\n<p>Dispon\u00edvel em: <a href=\"https:\/\/www.libraryjournal.com\/story\/design\/designing-libraries-for-diversity-equity-and-inclusion-lj231016\">https:\/\/www.libraryjournal.com\/story\/design\/designing-libraries-for-diversity-equity-and-inclusion-lj231016<\/a><\/p>\n\n\n\n<figure class=\"wp-block-image size-large\"><img data-recalc-dims=\"1\" decoding=\"async\" width=\"600\" height=\"373\" src=\"https:\/\/i0.wp.com\/www.pedroandretta.info\/index\/wp-content\/uploads\/2023\/11\/image-8.png?resize=600%2C373&#038;ssl=1\" alt=\"\" class=\"wp-image-22328\" srcset=\"https:\/\/i0.wp.com\/www.pedroandretta.info\/index\/wp-content\/uploads\/2023\/11\/image-8.png?resize=600%2C373&amp;ssl=1 600w, https:\/\/i0.wp.com\/www.pedroandretta.info\/index\/wp-content\/uploads\/2023\/11\/image-8.png?resize=300%2C187&amp;ssl=1 300w, https:\/\/i0.wp.com\/www.pedroandretta.info\/index\/wp-content\/uploads\/2023\/11\/image-8.png?resize=768%2C478&amp;ssl=1 768w, https:\/\/i0.wp.com\/www.pedroandretta.info\/index\/wp-content\/uploads\/2023\/11\/image-8.png?w=780&amp;ssl=1 780w\" sizes=\"(max-width: 600px) 100vw, 600px\" \/><\/figure>\n","protected":false},"excerpt":{"rendered":"<p>Projetando Bibliotecas para Diversidade, Equidade e Inclus\u00e3o As iniciativas do DEI j\u00e1 est\u00e3o sendo incorporadas aos acervos, pol\u00edticas e programas da biblioteca; entretanto, o projeto do edif\u00edcio nem sempre oferece um ambiente adequado a esses objetivos. Os edif\u00edcios das bibliotecas devem ser concebidos com inten\u00e7\u00e3o, e uma abordagem mais ponderada utilizando os princ\u00edpios da DEI<\/p><\/div>\n<div class=\"blog-btn\"><a href=\"https:\/\/www.pedroandretta.info\/index\/2023\/11\/projetando-bibliotecas-para-diversidade-equidade-e-inclusao\/\" class=\"home-blog-btn\">Ler mais<\/a><\/p>\n","protected":false},"author":1,"featured_media":0,"comment_status":"open","ping_status":"open","sticky":false,"template":"","format":"standard","meta":{"_jetpack_newsletter_access":"","_jetpack_dont_email_post_to_subs":false,"_jetpack_newsletter_tier_id":0,"_jetpack_memberships_contains_paywalled_content":false,"_jetpack_feature_clip_id":0,"_jetpack_memberships_contains_paid_content":false,"footnotes":"","jetpack_publicize_message":"","jetpack_publicize_feature_enabled":true,"jetpack_social_post_already_shared":true,"jetpack_social_options":{"image_generator_settings":{"template":"highway","default_image_id":0,"font":"","enabled":false},"version":2},"jetpack_post_was_ever_published":false},"categories":[21],"tags":[38,304,1013,1498,850],"class_list":["post-22327","post","type-post","status-publish","format-standard","hentry","category-informeci","tag-bibliotecas","tag-diversidade","tag-equidade","tag-gestaodebibliotecas","tag-inclusao"],"jetpack_publicize_connections":[],"jetpack_featured_media_url":"","views":"","jetpack_sharing_enabled":true,"_links":{"self":[{"href":"https:\/\/www.pedroandretta.info\/index\/wp-json\/wp\/v2\/posts\/22327","targetHints":{"allow":["GET"]}}],"collection":[{"href":"https:\/\/www.pedroandretta.info\/index\/wp-json\/wp\/v2\/posts"}],"about":[{"href":"https:\/\/www.pedroandretta.info\/index\/wp-json\/wp\/v2\/types\/post"}],"author":[{"embeddable":true,"href":"https:\/\/www.pedroandretta.info\/index\/wp-json\/wp\/v2\/users\/1"}],"replies":[{"embeddable":true,"href":"https:\/\/www.pedroandretta.info\/index\/wp-json\/wp\/v2\/comments?post=22327"}],"version-history":[{"count":0,"href":"https:\/\/www.pedroandretta.info\/index\/wp-json\/wp\/v2\/posts\/22327\/revisions"}],"wp:attachment":[{"href":"https:\/\/www.pedroandretta.info\/index\/wp-json\/wp\/v2\/media?parent=22327"}],"wp:term":[{"taxonomy":"category","embeddable":true,"href":"https:\/\/www.pedroandretta.info\/index\/wp-json\/wp\/v2\/categories?post=22327"},{"taxonomy":"post_tag","embeddable":true,"href":"https:\/\/www.pedroandretta.info\/index\/wp-json\/wp\/v2\/tags?post=22327"}],"curies":[{"name":"wp","href":"https:\/\/api.w.org\/{rel}","templated":true}]}}