{"id":22826,"date":"2023-12-04T14:38:25","date_gmt":"2023-12-04T18:38:25","guid":{"rendered":"https:\/\/www.pedroandretta.info\/index\/?p=22826"},"modified":"2023-12-04T14:38:31","modified_gmt":"2023-12-04T18:38:31","slug":"revistas-transparencia-e-melhores-praticas-de-publicacao-academica","status":"publish","type":"post","link":"https:\/\/www.pedroandretta.info\/index\/2023\/12\/revistas-transparencia-e-melhores-praticas-de-publicacao-academica\/","title":{"rendered":"Revistas: transpar\u00eancia e melhores pr\u00e1ticas de publica\u00e7\u00e3o acad\u00eamica"},"content":{"rendered":"\n<p><strong>Revistas: transpar\u00eancia e melhores pr\u00e1ticas de publica\u00e7\u00e3o acad\u00eamica<\/strong><\/p>\n\n\n\n<p>Os Princ\u00edpios de Transpar\u00eancia e Melhores Pr\u00e1ticas em Publica\u00e7\u00e3o Acad\u00eamica devem se aplicar a todo o conte\u00fado publicado, incluindo edi\u00e7\u00f5es especiais e anais de confer\u00eancias. Quando as pr\u00e1ticas se desviam dos padr\u00f5es delineados, os editores devem comunicar de forma transparente os procedimentos que a revista segue.<\/p>\n\n\n\n<p>#BoasPr\u00e1ticas #Peri\u00f3dicos #DOAJ<\/p>\n\n\n\n<p>via ABCD<\/p>\n\n\n\n<p>Dispon\u00edvel em: <a href=\"https:\/\/www.abcd.usp.br\/informa\/revistas-transparencia-e-melhores-praticas-de-publicacao-academica\/\">https:\/\/www.abcd.usp.br\/informa\/revistas-transparencia-e-melhores-praticas-de-publicacao-academica\/<\/a><\/p>\n\n\n\n<figure class=\"wp-block-image size-full\"><img data-recalc-dims=\"1\" decoding=\"async\" width=\"300\" height=\"293\" src=\"https:\/\/i0.wp.com\/www.pedroandretta.info\/index\/wp-content\/uploads\/2023\/12\/image-16.png?resize=300%2C293&#038;ssl=1\" alt=\"\" class=\"wp-image-22827\"\/><\/figure>\n","protected":false},"excerpt":{"rendered":"<p>Revistas: transpar\u00eancia e melhores pr\u00e1ticas de publica\u00e7\u00e3o acad\u00eamica Os Princ\u00edpios de Transpar\u00eancia e Melhores Pr\u00e1ticas em Publica\u00e7\u00e3o Acad\u00eamica devem se aplicar a todo o conte\u00fado publicado, incluindo edi\u00e7\u00f5es especiais e anais de confer\u00eancias. Quando as pr\u00e1ticas se desviam dos padr\u00f5es delineados, os editores devem comunicar de forma transparente os procedimentos que a revista segue. #BoasPr\u00e1ticas<\/p><\/div>\n<div class=\"blog-btn\"><a href=\"https:\/\/www.pedroandretta.info\/index\/2023\/12\/revistas-transparencia-e-melhores-praticas-de-publicacao-academica\/\" class=\"home-blog-btn\">Ler mais<\/a><\/p>\n","protected":false},"author":1,"featured_media":0,"comment_status":"open","ping_status":"open","sticky":false,"template":"","format":"standard","meta":{"_jetpack_memberships_contains_paid_content":false,"footnotes":"","jetpack_publicize_message":"","jetpack_publicize_feature_enabled":true,"jetpack_social_post_already_shared":true,"jetpack_social_options":{"image_generator_settings":{"template":"highway","default_image_id":0,"font":"","enabled":false},"version":2}},"categories":[21],"tags":[377,668,243],"class_list":["post-22826","post","type-post","status-publish","format-standard","hentry","category-informeci","tag-boaspraticas","tag-doaj","tag-periodicos"],"jetpack_publicize_connections":[],"jetpack_featured_media_url":"","views":"","jetpack_sharing_enabled":true,"_links":{"self":[{"href":"https:\/\/www.pedroandretta.info\/index\/wp-json\/wp\/v2\/posts\/22826","targetHints":{"allow":["GET"]}}],"collection":[{"href":"https:\/\/www.pedroandretta.info\/index\/wp-json\/wp\/v2\/posts"}],"about":[{"href":"https:\/\/www.pedroandretta.info\/index\/wp-json\/wp\/v2\/types\/post"}],"author":[{"embeddable":true,"href":"https:\/\/www.pedroandretta.info\/index\/wp-json\/wp\/v2\/users\/1"}],"replies":[{"embeddable":true,"href":"https:\/\/www.pedroandretta.info\/index\/wp-json\/wp\/v2\/comments?post=22826"}],"version-history":[{"count":0,"href":"https:\/\/www.pedroandretta.info\/index\/wp-json\/wp\/v2\/posts\/22826\/revisions"}],"wp:attachment":[{"href":"https:\/\/www.pedroandretta.info\/index\/wp-json\/wp\/v2\/media?parent=22826"}],"wp:term":[{"taxonomy":"category","embeddable":true,"href":"https:\/\/www.pedroandretta.info\/index\/wp-json\/wp\/v2\/categories?post=22826"},{"taxonomy":"post_tag","embeddable":true,"href":"https:\/\/www.pedroandretta.info\/index\/wp-json\/wp\/v2\/tags?post=22826"}],"curies":[{"name":"wp","href":"https:\/\/api.w.org\/{rel}","templated":true}]}}