{"id":22984,"date":"2023-12-13T11:21:04","date_gmt":"2023-12-13T15:21:04","guid":{"rendered":"https:\/\/www.pedroandretta.info\/index\/?p=22984"},"modified":"2023-12-13T11:21:07","modified_gmt":"2023-12-13T15:21:07","slug":"nas-trilhas-da-biblioteconomia-e-dos-estudos-literarios-memorias-e-projecoes-sobre-la-e-aqui-por-wellington-marcal","status":"publish","type":"post","link":"https:\/\/www.pedroandretta.info\/index\/2023\/12\/nas-trilhas-da-biblioteconomia-e-dos-estudos-literarios-memorias-e-projecoes-sobre-la-e-aqui-por-wellington-marcal\/","title":{"rendered":"Nas trilhas da Biblioteconomia e dos Estudos Liter\u00e1rios: mem\u00f3rias e proje\u00e7\u00f5es sobre l\u00e1 e aqui, por Wellington Mar\u00e7al"},"content":{"rendered":"\n<p><strong>Nas trilhas da Biblioteconomia e dos Estudos Liter\u00e1rios: mem\u00f3rias e proje\u00e7\u00f5es sobre l\u00e1 e aqui, por Wellington Mar\u00e7al<\/strong><\/p>\n\n\n\n<p>Das horas intermin\u00e1veis que fiquei dentro da Biblioteca do Presidente Dutra, em muitas conversas com a professora que trabalhava no Setor, vi surgir, ainda sem muito entendimento, o desejo de seguir os estudos em algo que n\u00e3o fazia muito sentido para mim, cujo nome era \u201cfaculdade\u201d, \u201cuniversidade\u201d, ou ainda, \u201ccurso superior\u201d. Talvez pela experi\u00eancia pr\u00f3xima com a Biblioteca colegial, decidi cursar Biblioteconomia na Universidade Federal de Minas Gerais (UFMG).<\/p>\n\n\n\n<p>via Divulga-CI<\/p>\n\n\n\n<p>#Biblioteconomia<\/p>\n\n\n\n<p>Dispon\u00edvel em: <a href=\"https:\/\/www.divulgaci.labci.online\/v-1-n-9-nov-2023\/nas-trilhas-da-biblioteconomia-e-dos-estudos-literarios-memorias-e-projecoes-sobre-la-e-aqui-por-wellington-marcal\/\">https:\/\/www.divulgaci.labci.online\/v-1-n-9-nov-2023\/nas-trilhas-da-biblioteconomia-e-dos-estudos-literarios-memorias-e-projecoes-sobre-la-e-aqui-por-wellington-marcal\/<\/a><\/p>\n\n\n\n<figure class=\"wp-block-image size-full\"><img data-recalc-dims=\"1\" decoding=\"async\" width=\"397\" height=\"561\" src=\"https:\/\/i0.wp.com\/www.pedroandretta.info\/index\/wp-content\/uploads\/2023\/12\/image-62.png?resize=397%2C561&#038;ssl=1\" alt=\"\" class=\"wp-image-22985\" srcset=\"https:\/\/i0.wp.com\/www.pedroandretta.info\/index\/wp-content\/uploads\/2023\/12\/image-62.png?w=397&amp;ssl=1 397w, https:\/\/i0.wp.com\/www.pedroandretta.info\/index\/wp-content\/uploads\/2023\/12\/image-62.png?resize=212%2C300&amp;ssl=1 212w\" sizes=\"(max-width: 397px) 100vw, 397px\" \/><\/figure>\n","protected":false},"excerpt":{"rendered":"<p>Nas trilhas da Biblioteconomia e dos Estudos Liter\u00e1rios: mem\u00f3rias e proje\u00e7\u00f5es sobre l\u00e1 e aqui, por Wellington Mar\u00e7al Das horas intermin\u00e1veis que fiquei dentro da Biblioteca do Presidente Dutra, em muitas conversas com a professora que trabalhava no Setor, vi surgir, ainda sem muito entendimento, o desejo de seguir os estudos em algo que n\u00e3o<\/p><\/div>\n<div class=\"blog-btn\"><a href=\"https:\/\/www.pedroandretta.info\/index\/2023\/12\/nas-trilhas-da-biblioteconomia-e-dos-estudos-literarios-memorias-e-projecoes-sobre-la-e-aqui-por-wellington-marcal\/\" class=\"home-blog-btn\">Ler mais<\/a><\/p>\n","protected":false},"author":1,"featured_media":0,"comment_status":"open","ping_status":"open","sticky":false,"template":"","format":"standard","meta":{"_jetpack_memberships_contains_paid_content":false,"footnotes":"","jetpack_publicize_message":"","jetpack_publicize_feature_enabled":true,"jetpack_social_post_already_shared":true,"jetpack_social_options":{"image_generator_settings":{"template":"highway","default_image_id":0,"font":"","enabled":false},"version":2}},"categories":[21],"tags":[33],"class_list":["post-22984","post","type-post","status-publish","format-standard","hentry","category-informeci","tag-biblioteconomia"],"jetpack_publicize_connections":[],"jetpack_featured_media_url":"","views":"","jetpack_sharing_enabled":true,"_links":{"self":[{"href":"https:\/\/www.pedroandretta.info\/index\/wp-json\/wp\/v2\/posts\/22984","targetHints":{"allow":["GET"]}}],"collection":[{"href":"https:\/\/www.pedroandretta.info\/index\/wp-json\/wp\/v2\/posts"}],"about":[{"href":"https:\/\/www.pedroandretta.info\/index\/wp-json\/wp\/v2\/types\/post"}],"author":[{"embeddable":true,"href":"https:\/\/www.pedroandretta.info\/index\/wp-json\/wp\/v2\/users\/1"}],"replies":[{"embeddable":true,"href":"https:\/\/www.pedroandretta.info\/index\/wp-json\/wp\/v2\/comments?post=22984"}],"version-history":[{"count":0,"href":"https:\/\/www.pedroandretta.info\/index\/wp-json\/wp\/v2\/posts\/22984\/revisions"}],"wp:attachment":[{"href":"https:\/\/www.pedroandretta.info\/index\/wp-json\/wp\/v2\/media?parent=22984"}],"wp:term":[{"taxonomy":"category","embeddable":true,"href":"https:\/\/www.pedroandretta.info\/index\/wp-json\/wp\/v2\/categories?post=22984"},{"taxonomy":"post_tag","embeddable":true,"href":"https:\/\/www.pedroandretta.info\/index\/wp-json\/wp\/v2\/tags?post=22984"}],"curies":[{"name":"wp","href":"https:\/\/api.w.org\/{rel}","templated":true}]}}