{"id":22987,"date":"2023-12-14T10:49:51","date_gmt":"2023-12-14T14:49:51","guid":{"rendered":"https:\/\/www.pedroandretta.info\/index\/?p=22987"},"modified":"2023-12-14T10:49:54","modified_gmt":"2023-12-14T14:49:54","slug":"chatgpt-e-eleito-primeiro-nao-humano-em-ranking-de-destaques-da-revista-nature","status":"publish","type":"post","link":"https:\/\/www.pedroandretta.info\/index\/2023\/12\/chatgpt-e-eleito-primeiro-nao-humano-em-ranking-de-destaques-da-revista-nature\/","title":{"rendered":"ChatGPT \u00e9 eleito primeiro &#8216;n\u00e3o-humano&#8217; em ranking de destaques da revista Nature"},"content":{"rendered":"\n<p>A revista americana Nature elegeu o ChatGPT como uma dos grandes destaques de 2023 no campo da Ci\u00eancia no mundo, segundo ranking divulgado nesta quarta-feira, 13. Essa \u00e9 a primeira vez que a publica\u00e7\u00e3o escolhe uma personalidade n\u00e3o-humana para a lista, que, neste ano, tamb\u00e9m elegeu a ministra do Meio Ambiente do Brasil, Marina Silva, pela sua atua\u00e7\u00e3o na prote\u00e7\u00e3o \u00e0 Amaz\u00f4nia.<\/p>\n\n\n\n<p>via Exame<\/p>\n\n\n\n<p>#Ci\u00eancia #ChatGPT<\/p>\n\n\n\n<p>Dispon\u00edvel em: <a href=\"https:\/\/exame.com\/inteligencia-artificial\/chatgpt-e-eleito-primeiro-nao-humano-em-ranking-de-destaques-da-revista-nature\/\">https:\/\/exame.com\/inteligencia-artificial\/chatgpt-e-eleito-primeiro-nao-humano-em-ranking-de-destaques-da-revista-nature\/<\/a><\/p>\n\n\n\n<figure class=\"wp-block-image size-large\"><img data-recalc-dims=\"1\" decoding=\"async\" width=\"600\" height=\"361\" src=\"https:\/\/i0.wp.com\/www.pedroandretta.info\/index\/wp-content\/uploads\/2023\/12\/image-63.png?resize=600%2C361&#038;ssl=1\" alt=\"\" class=\"wp-image-22988\" srcset=\"https:\/\/i0.wp.com\/www.pedroandretta.info\/index\/wp-content\/uploads\/2023\/12\/image-63.png?resize=600%2C361&amp;ssl=1 600w, https:\/\/i0.wp.com\/www.pedroandretta.info\/index\/wp-content\/uploads\/2023\/12\/image-63.png?resize=300%2C181&amp;ssl=1 300w, https:\/\/i0.wp.com\/www.pedroandretta.info\/index\/wp-content\/uploads\/2023\/12\/image-63.png?resize=768%2C462&amp;ssl=1 768w, https:\/\/i0.wp.com\/www.pedroandretta.info\/index\/wp-content\/uploads\/2023\/12\/image-63.png?w=1053&amp;ssl=1 1053w\" sizes=\"(max-width: 600px) 100vw, 600px\" \/><\/figure>\n","protected":false},"excerpt":{"rendered":"<p>A revista americana Nature elegeu o ChatGPT como uma dos grandes destaques de 2023 no campo da Ci\u00eancia no mundo, segundo ranking divulgado nesta quarta-feira, 13. Essa \u00e9 a primeira vez que a publica\u00e7\u00e3o escolhe uma personalidade n\u00e3o-humana para a lista, que, neste ano, tamb\u00e9m elegeu a ministra do Meio Ambiente do Brasil, Marina Silva,<\/p><\/div>\n<div class=\"blog-btn\"><a href=\"https:\/\/www.pedroandretta.info\/index\/2023\/12\/chatgpt-e-eleito-primeiro-nao-humano-em-ranking-de-destaques-da-revista-nature\/\" class=\"home-blog-btn\">Ler mais<\/a><\/p>\n","protected":false},"author":1,"featured_media":0,"comment_status":"open","ping_status":"open","sticky":false,"template":"","format":"standard","meta":{"_jetpack_memberships_contains_paid_content":false,"footnotes":"","jetpack_publicize_message":"","jetpack_publicize_feature_enabled":true,"jetpack_social_post_already_shared":true,"jetpack_social_options":{"image_generator_settings":{"template":"highway","default_image_id":0,"font":"","enabled":false},"version":2}},"categories":[21],"tags":[3376,128],"class_list":["post-22987","post","type-post","status-publish","format-standard","hentry","category-informeci","tag-chatgpt","tag-ciencia"],"jetpack_publicize_connections":[],"jetpack_featured_media_url":"","views":"","jetpack_sharing_enabled":true,"_links":{"self":[{"href":"https:\/\/www.pedroandretta.info\/index\/wp-json\/wp\/v2\/posts\/22987","targetHints":{"allow":["GET"]}}],"collection":[{"href":"https:\/\/www.pedroandretta.info\/index\/wp-json\/wp\/v2\/posts"}],"about":[{"href":"https:\/\/www.pedroandretta.info\/index\/wp-json\/wp\/v2\/types\/post"}],"author":[{"embeddable":true,"href":"https:\/\/www.pedroandretta.info\/index\/wp-json\/wp\/v2\/users\/1"}],"replies":[{"embeddable":true,"href":"https:\/\/www.pedroandretta.info\/index\/wp-json\/wp\/v2\/comments?post=22987"}],"version-history":[{"count":0,"href":"https:\/\/www.pedroandretta.info\/index\/wp-json\/wp\/v2\/posts\/22987\/revisions"}],"wp:attachment":[{"href":"https:\/\/www.pedroandretta.info\/index\/wp-json\/wp\/v2\/media?parent=22987"}],"wp:term":[{"taxonomy":"category","embeddable":true,"href":"https:\/\/www.pedroandretta.info\/index\/wp-json\/wp\/v2\/categories?post=22987"},{"taxonomy":"post_tag","embeddable":true,"href":"https:\/\/www.pedroandretta.info\/index\/wp-json\/wp\/v2\/tags?post=22987"}],"curies":[{"name":"wp","href":"https:\/\/api.w.org\/{rel}","templated":true}]}}