{"id":22990,"date":"2023-12-14T10:52:46","date_gmt":"2023-12-14T14:52:46","guid":{"rendered":"https:\/\/www.pedroandretta.info\/index\/?p=22990"},"modified":"2023-12-14T10:52:49","modified_gmt":"2023-12-14T14:52:49","slug":"discursos-de-odio-uma-analise-linguistica-forense-de-comentarios-de-odio-online","status":"publish","type":"post","link":"https:\/\/www.pedroandretta.info\/index\/2023\/12\/discursos-de-odio-uma-analise-linguistica-forense-de-comentarios-de-odio-online\/","title":{"rendered":"Discurso(s) de \u00f3dio: uma an\u00e1lise lingu\u00edstica forense de coment\u00e1rios de \u00f3dio online"},"content":{"rendered":"\n<p><strong>Discurso(s) de \u00f3dio: uma an\u00e1lise lingu\u00edstica forense de coment\u00e1rios de \u00f3dio online<\/strong><\/p>\n\n\n\n<p>A dissemina\u00e7\u00e3o de discursos de \u00f3dio transformou-se, nos \u00faltimos anos, numa preocupa\u00e7\u00e3o crescente na sociedade. Com o avan\u00e7o e moderniza\u00e7\u00e3o das tecnologias da informa\u00e7\u00e3o e da comunica\u00e7\u00e3o, especialmente em plataformas online, esses discursos t\u00eam encontrado espa\u00e7o para a sua prolifera\u00e7\u00e3o e, consequentemente, para influenciar negativamente as intera\u00e7\u00f5es sociais (Matos et al. (2022), Lopes et al. (2019), Silva et al, (2011)).<\/p>\n\n\n\n<p>#DiscursoDe\u00d3dio<\/p>\n\n\n\n<p>Dispon\u00edvel em: <a href=\"https:\/\/repositorio-aberto.up.pt\/handle\/10216\/155753\">https:\/\/repositorio-aberto.up.pt\/handle\/10216\/155753<\/a><\/p>\n\n\n\n<figure class=\"wp-block-image size-full\"><img data-recalc-dims=\"1\" decoding=\"async\" width=\"419\" height=\"536\" src=\"https:\/\/i0.wp.com\/www.pedroandretta.info\/index\/wp-content\/uploads\/2023\/12\/image-64.png?resize=419%2C536&#038;ssl=1\" alt=\"\" class=\"wp-image-22991\" srcset=\"https:\/\/i0.wp.com\/www.pedroandretta.info\/index\/wp-content\/uploads\/2023\/12\/image-64.png?w=419&amp;ssl=1 419w, https:\/\/i0.wp.com\/www.pedroandretta.info\/index\/wp-content\/uploads\/2023\/12\/image-64.png?resize=235%2C300&amp;ssl=1 235w\" sizes=\"(max-width: 419px) 100vw, 419px\" \/><\/figure>\n","protected":false},"excerpt":{"rendered":"<p>Discurso(s) de \u00f3dio: uma an\u00e1lise lingu\u00edstica forense de coment\u00e1rios de \u00f3dio online A dissemina\u00e7\u00e3o de discursos de \u00f3dio transformou-se, nos \u00faltimos anos, numa preocupa\u00e7\u00e3o crescente na sociedade. Com o avan\u00e7o e moderniza\u00e7\u00e3o das tecnologias da informa\u00e7\u00e3o e da comunica\u00e7\u00e3o, especialmente em plataformas online, esses discursos t\u00eam encontrado espa\u00e7o para a sua prolifera\u00e7\u00e3o e, consequentemente, para<\/p><\/div>\n<div class=\"blog-btn\"><a href=\"https:\/\/www.pedroandretta.info\/index\/2023\/12\/discursos-de-odio-uma-analise-linguistica-forense-de-comentarios-de-odio-online\/\" class=\"home-blog-btn\">Ler mais<\/a><\/p>\n","protected":false},"author":1,"featured_media":0,"comment_status":"open","ping_status":"open","sticky":false,"template":"","format":"standard","meta":{"_jetpack_memberships_contains_paid_content":false,"footnotes":"","jetpack_publicize_message":"","jetpack_publicize_feature_enabled":true,"jetpack_social_post_already_shared":true,"jetpack_social_options":{"image_generator_settings":{"template":"highway","default_image_id":0,"font":"","enabled":false},"version":2}},"categories":[21],"tags":[1464],"class_list":["post-22990","post","type-post","status-publish","format-standard","hentry","category-informeci","tag-discursodeodio"],"jetpack_publicize_connections":[],"jetpack_featured_media_url":"","views":"","jetpack_sharing_enabled":true,"_links":{"self":[{"href":"https:\/\/www.pedroandretta.info\/index\/wp-json\/wp\/v2\/posts\/22990","targetHints":{"allow":["GET"]}}],"collection":[{"href":"https:\/\/www.pedroandretta.info\/index\/wp-json\/wp\/v2\/posts"}],"about":[{"href":"https:\/\/www.pedroandretta.info\/index\/wp-json\/wp\/v2\/types\/post"}],"author":[{"embeddable":true,"href":"https:\/\/www.pedroandretta.info\/index\/wp-json\/wp\/v2\/users\/1"}],"replies":[{"embeddable":true,"href":"https:\/\/www.pedroandretta.info\/index\/wp-json\/wp\/v2\/comments?post=22990"}],"version-history":[{"count":0,"href":"https:\/\/www.pedroandretta.info\/index\/wp-json\/wp\/v2\/posts\/22990\/revisions"}],"wp:attachment":[{"href":"https:\/\/www.pedroandretta.info\/index\/wp-json\/wp\/v2\/media?parent=22990"}],"wp:term":[{"taxonomy":"category","embeddable":true,"href":"https:\/\/www.pedroandretta.info\/index\/wp-json\/wp\/v2\/categories?post=22990"},{"taxonomy":"post_tag","embeddable":true,"href":"https:\/\/www.pedroandretta.info\/index\/wp-json\/wp\/v2\/tags?post=22990"}],"curies":[{"name":"wp","href":"https:\/\/api.w.org\/{rel}","templated":true}]}}