{"id":23014,"date":"2023-12-16T10:04:35","date_gmt":"2023-12-16T14:04:35","guid":{"rendered":"https:\/\/www.pedroandretta.info\/index\/?p=23014"},"modified":"2023-12-15T10:07:20","modified_gmt":"2023-12-15T14:07:20","slug":"bibliotecas-com-uma-abordagem-na-diversidade-equidade-e-inclusao","status":"publish","type":"post","link":"https:\/\/www.pedroandretta.info\/index\/2023\/12\/bibliotecas-com-uma-abordagem-na-diversidade-equidade-e-inclusao\/","title":{"rendered":"Bibliotecas com uma abordagem na diversidade, equidade e inclus\u00e3o"},"content":{"rendered":"\n<p><strong>Bibliotecas com uma abordagem na diversidade, equidade e inclus\u00e3o<\/strong><\/p>\n\n\n\n<p>A diversidade, equidade e inclus\u00e3o (DEI) s\u00e3o princ\u00edpios fundamentais, reconhecidos por seu papel crucial em fornecer oportunidades para todas as pessoas. As bibliotecas, como espa\u00e7os democr\u00e1ticos e de integra\u00e7\u00e3o, lideram iniciativas para fomentar a inclus\u00e3o e a diversidade. No design de bibliotecas, enfatizamos a necessidade de espa\u00e7os inclusivos, cole\u00e7\u00f5es diversas, acesso digital para todos e programas educativos inclusivos.<\/p>\n\n\n\n<p>#Bibliotecas #Equidade #Diversidade #Inclus\u00e3o<\/p>\n\n\n\n<p>Dispon\u00edvel em: <a href=\"https:\/\/aab.es\/wp-content\/uploads\/2023\/12\/126-BAAB-122-131.pdf\">https:\/\/aab.es\/wp-content\/uploads\/2023\/12\/126-BAAB-122-131.pdf<\/a><\/p>\n\n\n\n<figure class=\"wp-block-image size-full\"><img data-recalc-dims=\"1\" decoding=\"async\" width=\"426\" height=\"537\" src=\"https:\/\/i0.wp.com\/www.pedroandretta.info\/index\/wp-content\/uploads\/2023\/12\/image-71.png?resize=426%2C537&#038;ssl=1\" alt=\"\" class=\"wp-image-23015\" srcset=\"https:\/\/i0.wp.com\/www.pedroandretta.info\/index\/wp-content\/uploads\/2023\/12\/image-71.png?w=426&amp;ssl=1 426w, https:\/\/i0.wp.com\/www.pedroandretta.info\/index\/wp-content\/uploads\/2023\/12\/image-71.png?resize=238%2C300&amp;ssl=1 238w\" sizes=\"(max-width: 426px) 100vw, 426px\" \/><\/figure>\n","protected":false},"excerpt":{"rendered":"<p>Bibliotecas com uma abordagem na diversidade, equidade e inclus\u00e3o A diversidade, equidade e inclus\u00e3o (DEI) s\u00e3o princ\u00edpios fundamentais, reconhecidos por seu papel crucial em fornecer oportunidades para todas as pessoas. As bibliotecas, como espa\u00e7os democr\u00e1ticos e de integra\u00e7\u00e3o, lideram iniciativas para fomentar a inclus\u00e3o e a diversidade. No design de bibliotecas, enfatizamos a necessidade de<\/p><\/div>\n<div class=\"blog-btn\"><a href=\"https:\/\/www.pedroandretta.info\/index\/2023\/12\/bibliotecas-com-uma-abordagem-na-diversidade-equidade-e-inclusao\/\" class=\"home-blog-btn\">Ler mais<\/a><\/p>\n","protected":false},"author":1,"featured_media":0,"comment_status":"open","ping_status":"open","sticky":false,"template":"","format":"standard","meta":{"_jetpack_newsletter_access":"","_jetpack_dont_email_post_to_subs":false,"_jetpack_newsletter_tier_id":0,"_jetpack_memberships_contains_paywalled_content":false,"_jetpack_feature_clip_id":0,"_jetpack_memberships_contains_paid_content":false,"footnotes":"","jetpack_publicize_message":"","jetpack_publicize_feature_enabled":true,"jetpack_social_post_already_shared":true,"jetpack_social_options":{"image_generator_settings":{"template":"highway","default_image_id":0,"font":"","enabled":false},"version":2},"jetpack_post_was_ever_published":false},"categories":[21],"tags":[38,304,1013,850],"class_list":["post-23014","post","type-post","status-publish","format-standard","hentry","category-informeci","tag-bibliotecas","tag-diversidade","tag-equidade","tag-inclusao"],"jetpack_publicize_connections":[],"jetpack_featured_media_url":"","views":"","jetpack_sharing_enabled":true,"_links":{"self":[{"href":"https:\/\/www.pedroandretta.info\/index\/wp-json\/wp\/v2\/posts\/23014","targetHints":{"allow":["GET"]}}],"collection":[{"href":"https:\/\/www.pedroandretta.info\/index\/wp-json\/wp\/v2\/posts"}],"about":[{"href":"https:\/\/www.pedroandretta.info\/index\/wp-json\/wp\/v2\/types\/post"}],"author":[{"embeddable":true,"href":"https:\/\/www.pedroandretta.info\/index\/wp-json\/wp\/v2\/users\/1"}],"replies":[{"embeddable":true,"href":"https:\/\/www.pedroandretta.info\/index\/wp-json\/wp\/v2\/comments?post=23014"}],"version-history":[{"count":0,"href":"https:\/\/www.pedroandretta.info\/index\/wp-json\/wp\/v2\/posts\/23014\/revisions"}],"wp:attachment":[{"href":"https:\/\/www.pedroandretta.info\/index\/wp-json\/wp\/v2\/media?parent=23014"}],"wp:term":[{"taxonomy":"category","embeddable":true,"href":"https:\/\/www.pedroandretta.info\/index\/wp-json\/wp\/v2\/categories?post=23014"},{"taxonomy":"post_tag","embeddable":true,"href":"https:\/\/www.pedroandretta.info\/index\/wp-json\/wp\/v2\/tags?post=23014"}],"curies":[{"name":"wp","href":"https:\/\/api.w.org\/{rel}","templated":true}]}}