{"id":23049,"date":"2023-12-28T09:23:27","date_gmt":"2023-12-28T13:23:27","guid":{"rendered":"https:\/\/www.pedroandretta.info\/index\/?p=23049"},"modified":"2024-01-18T09:29:52","modified_gmt":"2024-01-18T13:29:52","slug":"ano-de-2023-bate-recorde-de-retratacoes-aponta-nature","status":"publish","type":"post","link":"https:\/\/www.pedroandretta.info\/index\/2023\/12\/ano-de-2023-bate-recorde-de-retratacoes-aponta-nature\/","title":{"rendered":"Ano de 2023 bate recorde de retrata\u00e7\u00f5es, aponta \u201cNature\u201d"},"content":{"rendered":"\n<p><strong>Ano de 2023 bate recorde de retrata\u00e7\u00f5es, aponta \u201cNature\u201d<\/strong><\/p>\n\n\n\n<p>Ainda de acordo com os n\u00fameros divulgados pela \u201cNature\u201d, em 2022 a taxa de artigos retratados ficou em 0,2% do total de trabalhos publicados, ante 0,05% no in\u00edcio do s\u00e9culo. A taxa de crescimento das retrata\u00e7\u00f5es j\u00e1 supera a de novas publica\u00e7\u00f5es: estima-se que o volume total da literatura cient\u00edfica dobre a cada 17 anos, aproximadamente, enquanto a taxa de retrata\u00e7\u00f5es quase quadruplicou na \u00faltima d\u00e9cada.<\/p>\n\n\n\n<p>#Retra\u00e7\u00e3o #Nature<\/p>\n\n\n\n<p>via Quest\u00e3o de Ci\u00eancia<\/p>\n\n\n\n<p>Dispon\u00edvel em: <a href=\"https:\/\/www.revistaquestaodeciencia.com.br\/artigo\/2023\/12\/15\/ano-de-2023-bate-recorde-historico-de-retratacoes-aponta-nature\">https:\/\/www.revistaquestaodeciencia.com.br\/artigo\/2023\/12\/15\/ano-de-2023-bate-recorde-historico-de-retratacoes-aponta-nature<\/a><\/p>\n\n\n\n<figure class=\"wp-block-image size-large\"><img data-recalc-dims=\"1\" decoding=\"async\" width=\"600\" height=\"461\" src=\"https:\/\/i0.wp.com\/www.pedroandretta.info\/index\/wp-content\/uploads\/2023\/12\/image-81.png?resize=600%2C461&#038;ssl=1\" alt=\"\" class=\"wp-image-23050\" srcset=\"https:\/\/i0.wp.com\/www.pedroandretta.info\/index\/wp-content\/uploads\/2023\/12\/image-81.png?resize=600%2C461&amp;ssl=1 600w, https:\/\/i0.wp.com\/www.pedroandretta.info\/index\/wp-content\/uploads\/2023\/12\/image-81.png?resize=300%2C230&amp;ssl=1 300w, https:\/\/i0.wp.com\/www.pedroandretta.info\/index\/wp-content\/uploads\/2023\/12\/image-81.png?w=621&amp;ssl=1 621w\" sizes=\"(max-width: 600px) 100vw, 600px\" \/><\/figure>\n","protected":false},"excerpt":{"rendered":"<p>Ano de 2023 bate recorde de retrata\u00e7\u00f5es, aponta \u201cNature\u201d Ainda de acordo com os n\u00fameros divulgados pela \u201cNature\u201d, em 2022 a taxa de artigos retratados ficou em 0,2% do total de trabalhos publicados, ante 0,05% no in\u00edcio do s\u00e9culo. A taxa de crescimento das retrata\u00e7\u00f5es j\u00e1 supera a de novas publica\u00e7\u00f5es: estima-se que o volume<\/p><\/div>\n<div class=\"blog-btn\"><a href=\"https:\/\/www.pedroandretta.info\/index\/2023\/12\/ano-de-2023-bate-recorde-de-retratacoes-aponta-nature\/\" class=\"home-blog-btn\">Ler mais<\/a><\/p>\n","protected":false},"author":1,"featured_media":0,"comment_status":"open","ping_status":"open","sticky":false,"template":"","format":"standard","meta":{"_jetpack_memberships_contains_paid_content":false,"footnotes":"","jetpack_publicize_message":"","jetpack_publicize_feature_enabled":true,"jetpack_social_post_already_shared":true,"jetpack_social_options":{"image_generator_settings":{"template":"highway","default_image_id":0,"font":"","enabled":false},"version":2}},"categories":[21],"tags":[2360,1830],"class_list":["post-23049","post","type-post","status-publish","format-standard","hentry","category-informeci","tag-nature","tag-retratacao"],"jetpack_publicize_connections":[],"jetpack_featured_media_url":"","views":"","jetpack_sharing_enabled":true,"_links":{"self":[{"href":"https:\/\/www.pedroandretta.info\/index\/wp-json\/wp\/v2\/posts\/23049","targetHints":{"allow":["GET"]}}],"collection":[{"href":"https:\/\/www.pedroandretta.info\/index\/wp-json\/wp\/v2\/posts"}],"about":[{"href":"https:\/\/www.pedroandretta.info\/index\/wp-json\/wp\/v2\/types\/post"}],"author":[{"embeddable":true,"href":"https:\/\/www.pedroandretta.info\/index\/wp-json\/wp\/v2\/users\/1"}],"replies":[{"embeddable":true,"href":"https:\/\/www.pedroandretta.info\/index\/wp-json\/wp\/v2\/comments?post=23049"}],"version-history":[{"count":0,"href":"https:\/\/www.pedroandretta.info\/index\/wp-json\/wp\/v2\/posts\/23049\/revisions"}],"wp:attachment":[{"href":"https:\/\/www.pedroandretta.info\/index\/wp-json\/wp\/v2\/media?parent=23049"}],"wp:term":[{"taxonomy":"category","embeddable":true,"href":"https:\/\/www.pedroandretta.info\/index\/wp-json\/wp\/v2\/categories?post=23049"},{"taxonomy":"post_tag","embeddable":true,"href":"https:\/\/www.pedroandretta.info\/index\/wp-json\/wp\/v2\/tags?post=23049"}],"curies":[{"name":"wp","href":"https:\/\/api.w.org\/{rel}","templated":true}]}}