{"id":23178,"date":"2024-01-08T11:19:00","date_gmt":"2024-01-08T15:19:00","guid":{"rendered":"https:\/\/www.pedroandretta.info\/index\/?p=23178"},"modified":"2023-12-19T13:22:36","modified_gmt":"2023-12-19T17:22:36","slug":"educacao-ambiental-em-bibliotecas-escolares-o-papel-do-bibliotecario-no-desenvolvimento-de-uma-sociedade-mais-sustentavel","status":"publish","type":"post","link":"https:\/\/www.pedroandretta.info\/index\/2024\/01\/educacao-ambiental-em-bibliotecas-escolares-o-papel-do-bibliotecario-no-desenvolvimento-de-uma-sociedade-mais-sustentavel\/","title":{"rendered":"Educa\u00e7\u00e3o ambiental em bibliotecas escolares: o papel do bibliotec\u00e1rio no desenvolvimento de uma sociedade mais sustent\u00e1vel"},"content":{"rendered":"\n<p><strong>Educa\u00e7\u00e3o ambiental em bibliotecas escolares: o papel do bibliotec\u00e1rio no desenvolvimento de uma sociedade mais sustent\u00e1vel<\/strong><\/p>\n\n\n\n<p>(&#8230;) foi poss\u00edvel construir uma cartilha informacional digital onde s\u00e3o apresentadas a\u00e7\u00f5es de incentivo \u00e0 educa\u00e7\u00e3o ambiental que podem ser desenvolvidas no \u00e2mbito da biblioteca escolar. Apresenta, como interpreta\u00e7\u00e3o da an\u00e1lise de conte\u00fado a infer\u00eancia de duas categorias de desenvolvimento de atividades que o PEAS realiza. Conclui-se que a educa\u00e7\u00e3o ambiental \u00e9 um assunto de responsabilidade social e que precisa ser tratado com celeridade, com a\u00e7\u00f5es concretas e engajamento pol\u00edtico.<\/p>\n\n\n\n<p>#BibliotecasEscolares #Educa\u00e7\u00e3oAmbiental<\/p>\n\n\n\n<p>Dispon\u00edvel em: <a href=\"https:\/\/ri.ufs.br\/jspui\/handle\/riufs\/18774\">https:\/\/ri.ufs.br\/jspui\/handle\/riufs\/18774<\/a><\/p>\n\n\n\n<figure class=\"wp-block-image size-full\"><img data-recalc-dims=\"1\" decoding=\"async\" width=\"397\" height=\"592\" src=\"https:\/\/i0.wp.com\/www.pedroandretta.info\/index\/wp-content\/uploads\/2023\/12\/image-116.png?resize=397%2C592&#038;ssl=1\" alt=\"\" class=\"wp-image-23179\" srcset=\"https:\/\/i0.wp.com\/www.pedroandretta.info\/index\/wp-content\/uploads\/2023\/12\/image-116.png?w=397&amp;ssl=1 397w, https:\/\/i0.wp.com\/www.pedroandretta.info\/index\/wp-content\/uploads\/2023\/12\/image-116.png?resize=201%2C300&amp;ssl=1 201w\" sizes=\"(max-width: 397px) 100vw, 397px\" \/><\/figure>\n","protected":false},"excerpt":{"rendered":"<p>Educa\u00e7\u00e3o ambiental em bibliotecas escolares: o papel do bibliotec\u00e1rio no desenvolvimento de uma sociedade mais sustent\u00e1vel (&#8230;) foi poss\u00edvel construir uma cartilha informacional digital onde s\u00e3o apresentadas a\u00e7\u00f5es de incentivo \u00e0 educa\u00e7\u00e3o ambiental que podem ser desenvolvidas no \u00e2mbito da biblioteca escolar. Apresenta, como interpreta\u00e7\u00e3o da an\u00e1lise de conte\u00fado a infer\u00eancia de duas categorias de<\/p><\/div>\n<div class=\"blog-btn\"><a href=\"https:\/\/www.pedroandretta.info\/index\/2024\/01\/educacao-ambiental-em-bibliotecas-escolares-o-papel-do-bibliotecario-no-desenvolvimento-de-uma-sociedade-mais-sustentavel\/\" class=\"home-blog-btn\">Ler mais<\/a><\/p>\n","protected":false},"author":1,"featured_media":0,"comment_status":"open","ping_status":"open","sticky":false,"template":"","format":"standard","meta":{"_jetpack_memberships_contains_paid_content":false,"footnotes":"","jetpack_publicize_message":"","jetpack_publicize_feature_enabled":true,"jetpack_social_post_already_shared":true,"jetpack_social_options":{"image_generator_settings":{"template":"highway","default_image_id":0,"font":"","enabled":false},"version":2}},"categories":[21],"tags":[79,991],"class_list":["post-23178","post","type-post","status-publish","format-standard","hentry","category-informeci","tag-bibliotecasescolares","tag-educacaoambiental"],"jetpack_publicize_connections":[],"jetpack_featured_media_url":"","views":"","jetpack_sharing_enabled":true,"_links":{"self":[{"href":"https:\/\/www.pedroandretta.info\/index\/wp-json\/wp\/v2\/posts\/23178","targetHints":{"allow":["GET"]}}],"collection":[{"href":"https:\/\/www.pedroandretta.info\/index\/wp-json\/wp\/v2\/posts"}],"about":[{"href":"https:\/\/www.pedroandretta.info\/index\/wp-json\/wp\/v2\/types\/post"}],"author":[{"embeddable":true,"href":"https:\/\/www.pedroandretta.info\/index\/wp-json\/wp\/v2\/users\/1"}],"replies":[{"embeddable":true,"href":"https:\/\/www.pedroandretta.info\/index\/wp-json\/wp\/v2\/comments?post=23178"}],"version-history":[{"count":0,"href":"https:\/\/www.pedroandretta.info\/index\/wp-json\/wp\/v2\/posts\/23178\/revisions"}],"wp:attachment":[{"href":"https:\/\/www.pedroandretta.info\/index\/wp-json\/wp\/v2\/media?parent=23178"}],"wp:term":[{"taxonomy":"category","embeddable":true,"href":"https:\/\/www.pedroandretta.info\/index\/wp-json\/wp\/v2\/categories?post=23178"},{"taxonomy":"post_tag","embeddable":true,"href":"https:\/\/www.pedroandretta.info\/index\/wp-json\/wp\/v2\/tags?post=23178"}],"curies":[{"name":"wp","href":"https:\/\/api.w.org\/{rel}","templated":true}]}}