{"id":23219,"date":"2023-12-31T09:25:00","date_gmt":"2023-12-31T13:25:00","guid":{"rendered":"https:\/\/www.pedroandretta.info\/index\/?p=23219"},"modified":"2024-06-13T15:05:21","modified_gmt":"2024-06-13T19:05:21","slug":"praticas-informacionais-de-adolescentes-no-contexto-de-pos-verdade-e-desinformacao-e-a-confianca-nas-urnas-eletronicas","status":"publish","type":"post","link":"https:\/\/www.pedroandretta.info\/index\/2023\/12\/praticas-informacionais-de-adolescentes-no-contexto-de-pos-verdade-e-desinformacao-e-a-confianca-nas-urnas-eletronicas\/","title":{"rendered":"Pr\u00e1ticas informacionais de adolescentes no contexto de p\u00f3s-verdade e desinforma\u00e7\u00e3o e a confian\u00e7a nas urnas eletr\u00f4nicas"},"content":{"rendered":"\n<p><strong>Pr\u00e1ticas informacionais de adolescentes no contexto de p\u00f3s-verdade e desinforma\u00e7\u00e3o e a confian\u00e7a nas urnas eletr\u00f4nicas<\/strong><\/p>\n\n\n\n<p>Os dados que comp\u00f5em a pesquisa foram coletados por meio de entrevistas semiestruturadas com 15 adolescentes estudantes do Ensino M\u00e9dio, com idades entre 17 e 18 anos que j\u00e1 possu\u00edam o t\u00edtulo de eleitor. Constatou-se que os adolescentes utilizam as redes sociais para estudar, se informar e se divertir. De modo geral, os participantes demonstraram preocupa\u00e7\u00e3o com os efeitos negativos da circula\u00e7\u00e3o de fake news no ambiente digital. Todos os entrevistados afirmaram confiar na seguran\u00e7a e efici\u00eancia das urnas eletr\u00f4nicas, essa credibilidade foi constru\u00edda a partir da confian\u00e7a nas autoridades respons\u00e1veis pela organiza\u00e7\u00e3o e divulga\u00e7\u00e3o do processo eleitoral.<\/p>\n\n\n\n<p>#Pr\u00e1ticasInformacionais #Elei\u00e7\u00f5es #Desinforma\u00e7\u00e3o<\/p>\n\n\n\n<p>Dispon\u00edvel em: <a href=\"https:\/\/repositorio.ufmg.br\/handle\/1843\/62048\">https:\/\/repositorio.ufmg.br\/handle\/1843\/62048<\/a><\/p>\n\n\n\n<figure class=\"wp-block-image size-full\"><img data-recalc-dims=\"1\" decoding=\"async\" width=\"424\" height=\"580\" src=\"https:\/\/i0.wp.com\/www.pedroandretta.info\/index\/wp-content\/uploads\/2023\/12\/image-129.png?resize=424%2C580&#038;ssl=1\" alt=\"\" class=\"wp-image-23220\" srcset=\"https:\/\/i0.wp.com\/www.pedroandretta.info\/index\/wp-content\/uploads\/2023\/12\/image-129.png?w=424&amp;ssl=1 424w, https:\/\/i0.wp.com\/www.pedroandretta.info\/index\/wp-content\/uploads\/2023\/12\/image-129.png?resize=219%2C300&amp;ssl=1 219w\" sizes=\"(max-width: 424px) 100vw, 424px\" \/><\/figure>\n","protected":false},"excerpt":{"rendered":"<p>Pr\u00e1ticas informacionais de adolescentes no contexto de p\u00f3s-verdade e desinforma\u00e7\u00e3o e a confian\u00e7a nas urnas eletr\u00f4nicas Os dados que comp\u00f5em a pesquisa foram coletados por meio de entrevistas semiestruturadas com 15 adolescentes estudantes do Ensino M\u00e9dio, com idades entre 17 e 18 anos que j\u00e1 possu\u00edam o t\u00edtulo de eleitor. Constatou-se que os adolescentes utilizam<\/p><\/div>\n<div class=\"blog-btn\"><a href=\"https:\/\/www.pedroandretta.info\/index\/2023\/12\/praticas-informacionais-de-adolescentes-no-contexto-de-pos-verdade-e-desinformacao-e-a-confianca-nas-urnas-eletronicas\/\" class=\"home-blog-btn\">Ler mais<\/a><\/p>\n","protected":false},"author":1,"featured_media":0,"comment_status":"open","ping_status":"open","sticky":false,"template":"","format":"standard","meta":{"_jetpack_newsletter_access":"","_jetpack_dont_email_post_to_subs":false,"_jetpack_newsletter_tier_id":0,"_jetpack_memberships_contains_paywalled_content":false,"_jetpack_feature_clip_id":0,"_jetpack_memberships_contains_paid_content":false,"footnotes":"","jetpack_publicize_message":"","jetpack_publicize_feature_enabled":true,"jetpack_social_post_already_shared":true,"jetpack_social_options":{"image_generator_settings":{"template":"highway","default_image_id":0,"font":"","enabled":false},"version":2},"jetpack_post_was_ever_published":false},"categories":[21],"tags":[142,143,404],"class_list":["post-23219","post","type-post","status-publish","format-standard","hentry","category-informeci","tag-desinformacao","tag-eleicoes","tag-praticasinformacionais"],"jetpack_publicize_connections":[],"jetpack_featured_media_url":"","views":"","jetpack_sharing_enabled":true,"_links":{"self":[{"href":"https:\/\/www.pedroandretta.info\/index\/wp-json\/wp\/v2\/posts\/23219","targetHints":{"allow":["GET"]}}],"collection":[{"href":"https:\/\/www.pedroandretta.info\/index\/wp-json\/wp\/v2\/posts"}],"about":[{"href":"https:\/\/www.pedroandretta.info\/index\/wp-json\/wp\/v2\/types\/post"}],"author":[{"embeddable":true,"href":"https:\/\/www.pedroandretta.info\/index\/wp-json\/wp\/v2\/users\/1"}],"replies":[{"embeddable":true,"href":"https:\/\/www.pedroandretta.info\/index\/wp-json\/wp\/v2\/comments?post=23219"}],"version-history":[{"count":0,"href":"https:\/\/www.pedroandretta.info\/index\/wp-json\/wp\/v2\/posts\/23219\/revisions"}],"wp:attachment":[{"href":"https:\/\/www.pedroandretta.info\/index\/wp-json\/wp\/v2\/media?parent=23219"}],"wp:term":[{"taxonomy":"category","embeddable":true,"href":"https:\/\/www.pedroandretta.info\/index\/wp-json\/wp\/v2\/categories?post=23219"},{"taxonomy":"post_tag","embeddable":true,"href":"https:\/\/www.pedroandretta.info\/index\/wp-json\/wp\/v2\/tags?post=23219"}],"curies":[{"name":"wp","href":"https:\/\/api.w.org\/{rel}","templated":true}]}}