{"id":23223,"date":"2023-12-24T08:23:00","date_gmt":"2023-12-24T12:23:00","guid":{"rendered":"https:\/\/www.pedroandretta.info\/index\/?p=23223"},"modified":"2023-12-20T14:27:53","modified_gmt":"2023-12-20T18:27:53","slug":"o-desafio-da-educacao-ambiental","status":"publish","type":"post","link":"https:\/\/www.pedroandretta.info\/index\/2023\/12\/o-desafio-da-educacao-ambiental\/","title":{"rendered":"O desafio da educa\u00e7\u00e3o ambiental"},"content":{"rendered":"\n<p><strong>O desafio da educa\u00e7\u00e3o ambiental<\/strong><\/p>\n\n\n\n<p>Apesar dos desastres ambientais cada vez mais frequentes, a dimens\u00e3o do problema n\u00e3o chegou \u00e0 popula\u00e7\u00e3o em geral e nem mesmo dentro das universidades, ambientes essencialmente de reflex\u00e3o, constata Ferreira. \u201cSe voc\u00ea vai para uma \u00e1rea mais t\u00e9cnica, eles n\u00e3o t\u00eam nada sobre a quest\u00e3o ambiental\u201d, diz. \u201cImagine como um engenheiro pode sair da faculdade com uma super forma\u00e7\u00e3o, sem pensar numa edifica\u00e7\u00e3o sustent\u00e1vel\u201d, exemplifica. Para ela, n\u00e3o \u00e9 mais poss\u00edvel formar profissionais no s\u00e9culo 21 com conte\u00fado do s\u00e9culo 20.<\/p>\n\n\n\n<p>via Jornal da Ci\u00eancia<\/p>\n\n\n\n<p>#Educa\u00e7\u00e3oAmbiental<\/p>\n\n\n\n<p>Dispon\u00edvel em: <a href=\"http:\/\/www.jornaldaciencia.org.br\/o-desafio-da-educacao-ambiental\/\">http:\/\/www.jornaldaciencia.org.br\/o-desafio-da-educacao-ambiental\/<\/a><\/p>\n","protected":false},"excerpt":{"rendered":"<p>O desafio da educa\u00e7\u00e3o ambiental Apesar dos desastres ambientais cada vez mais frequentes, a dimens\u00e3o do problema n\u00e3o chegou \u00e0 popula\u00e7\u00e3o em geral e nem mesmo dentro das universidades, ambientes essencialmente de reflex\u00e3o, constata Ferreira. \u201cSe voc\u00ea vai para uma \u00e1rea mais t\u00e9cnica, eles n\u00e3o t\u00eam nada sobre a quest\u00e3o ambiental\u201d, diz. \u201cImagine como um<\/p><\/div>\n<div class=\"blog-btn\"><a href=\"https:\/\/www.pedroandretta.info\/index\/2023\/12\/o-desafio-da-educacao-ambiental\/\" class=\"home-blog-btn\">Ler mais<\/a><\/p>\n","protected":false},"author":1,"featured_media":0,"comment_status":"open","ping_status":"open","sticky":false,"template":"","format":"standard","meta":{"_jetpack_memberships_contains_paid_content":false,"footnotes":"","jetpack_publicize_message":"","jetpack_publicize_feature_enabled":true,"jetpack_social_post_already_shared":true,"jetpack_social_options":{"image_generator_settings":{"template":"highway","default_image_id":0,"font":"","enabled":false},"version":2}},"categories":[21],"tags":[991],"class_list":["post-23223","post","type-post","status-publish","format-standard","hentry","category-informeci","tag-educacaoambiental"],"jetpack_publicize_connections":[],"jetpack_featured_media_url":"","views":"","jetpack_sharing_enabled":true,"_links":{"self":[{"href":"https:\/\/www.pedroandretta.info\/index\/wp-json\/wp\/v2\/posts\/23223","targetHints":{"allow":["GET"]}}],"collection":[{"href":"https:\/\/www.pedroandretta.info\/index\/wp-json\/wp\/v2\/posts"}],"about":[{"href":"https:\/\/www.pedroandretta.info\/index\/wp-json\/wp\/v2\/types\/post"}],"author":[{"embeddable":true,"href":"https:\/\/www.pedroandretta.info\/index\/wp-json\/wp\/v2\/users\/1"}],"replies":[{"embeddable":true,"href":"https:\/\/www.pedroandretta.info\/index\/wp-json\/wp\/v2\/comments?post=23223"}],"version-history":[{"count":0,"href":"https:\/\/www.pedroandretta.info\/index\/wp-json\/wp\/v2\/posts\/23223\/revisions"}],"wp:attachment":[{"href":"https:\/\/www.pedroandretta.info\/index\/wp-json\/wp\/v2\/media?parent=23223"}],"wp:term":[{"taxonomy":"category","embeddable":true,"href":"https:\/\/www.pedroandretta.info\/index\/wp-json\/wp\/v2\/categories?post=23223"},{"taxonomy":"post_tag","embeddable":true,"href":"https:\/\/www.pedroandretta.info\/index\/wp-json\/wp\/v2\/tags?post=23223"}],"curies":[{"name":"wp","href":"https:\/\/api.w.org\/{rel}","templated":true}]}}