{"id":23446,"date":"2024-01-20T09:27:43","date_gmt":"2024-01-20T13:27:43","guid":{"rendered":"https:\/\/www.pedroandretta.info\/index\/?p=23446"},"modified":"2024-06-09T13:52:56","modified_gmt":"2024-06-09T17:52:56","slug":"organizacao-e-representacao-do-conhecimento-tecnologias-saberes-e-praticas","status":"publish","type":"post","link":"https:\/\/www.pedroandretta.info\/index\/2024\/01\/organizacao-e-representacao-do-conhecimento-tecnologias-saberes-e-praticas\/","title":{"rendered":"Organiza\u00e7\u00e3o e representa\u00e7\u00e3o do conhecimento: tecnologias, saberes e pr\u00e1ticas"},"content":{"rendered":"\n<p><strong>Organiza\u00e7\u00e3o e representa\u00e7\u00e3o do conhecimento: tecnologias, saberes e pr\u00e1ticas, organizado por Valdirene Pereira da Concei\u00e7\u00e3o<\/strong><\/p>\n\n\n\n<p>&#8220;A colet\u00e2nea ORGANIZA\u00c7\u00c3O E REPRESENTA\u00c7\u00c3O DO CONHECIMENTO: tecnologias, saberes e pr\u00e1ticas traduz o esfor\u00e7o em reunir e divulgar os estudos e pesquisas desenvolvidos pelo Grupo de Pesquisa e Extens\u00e3o em \u201cOrganiza\u00e7\u00e3o do Conhecimento em Ambientes Culturais (GPEOCAC), do Departamento de Biblioteconomia da Universidade Federal do Maranh\u00e3o [&#8230;]&#8221;<\/p>\n\n\n\n<p>#LivrosCI Sumariza\u00e7\u00e3oDeTextos #Folksonomia #Ontologias #Indexa\u00e7\u00e3o #Classifica\u00e7\u00e3o #CCD #CDDir #Cataloga\u00e7\u00e3o #Pol\u00edticaDeIndexa\u00e7\u00e3o<\/p>\n\n\n\n<p>Dispon\u00edvel em: <a href=\"https:\/\/www.edufma.ufma.br\/index.php\/produto\/organizacao-e-representacao-do-conhecimento-tecnologias-saberes-e-praticas\/\">https:\/\/www.edufma.ufma.br\/index.php\/produto\/organizacao-e-representacao-do-conhecimento-tecnologias-saberes-e-praticas\/<\/a><\/p>\n\n\n\n<figure class=\"wp-block-image size-full\"><img data-recalc-dims=\"1\" decoding=\"async\" width=\"310\" height=\"430\" src=\"https:\/\/i0.wp.com\/www.pedroandretta.info\/index\/wp-content\/uploads\/2024\/01\/Capa-310x430-1.jpg?resize=310%2C430&#038;ssl=1\" alt=\"\" class=\"wp-image-23447\" srcset=\"https:\/\/i0.wp.com\/www.pedroandretta.info\/index\/wp-content\/uploads\/2024\/01\/Capa-310x430-1.jpg?w=310&amp;ssl=1 310w, https:\/\/i0.wp.com\/www.pedroandretta.info\/index\/wp-content\/uploads\/2024\/01\/Capa-310x430-1.jpg?resize=216%2C300&amp;ssl=1 216w\" sizes=\"(max-width: 310px) 100vw, 310px\" \/><\/figure>\n","protected":false},"excerpt":{"rendered":"<p>Organiza\u00e7\u00e3o e representa\u00e7\u00e3o do conhecimento: tecnologias, saberes e pr\u00e1ticas, organizado por Valdirene Pereira da Concei\u00e7\u00e3o &#8220;A colet\u00e2nea ORGANIZA\u00c7\u00c3O E REPRESENTA\u00c7\u00c3O DO CONHECIMENTO: tecnologias, saberes e pr\u00e1ticas traduz o esfor\u00e7o em reunir e divulgar os estudos e pesquisas desenvolvidos pelo Grupo de Pesquisa e Extens\u00e3o em \u201cOrganiza\u00e7\u00e3o do Conhecimento em Ambientes Culturais (GPEOCAC), do Departamento de<\/p><\/div>\n<div class=\"blog-btn\"><a href=\"https:\/\/www.pedroandretta.info\/index\/2024\/01\/organizacao-e-representacao-do-conhecimento-tecnologias-saberes-e-praticas\/\" class=\"home-blog-btn\">Ler mais<\/a><\/p>\n","protected":false},"author":1,"featured_media":0,"comment_status":"open","ping_status":"open","sticky":false,"template":"","format":"standard","meta":{"_jetpack_memberships_contains_paid_content":false,"footnotes":"","jetpack_publicize_message":"","jetpack_publicize_feature_enabled":true,"jetpack_social_post_already_shared":true,"jetpack_social_options":{"image_generator_settings":{"template":"highway","default_image_id":0,"font":"","enabled":false},"version":2}},"categories":[21],"tags":[67,258,3648,108,941,109,1733,658,1866,3646],"class_list":["post-23446","post","type-post","status-publish","format-standard","hentry","category-informeci","tag-catalogacao","tag-cdd","tag-cddir","tag-classificacao","tag-folksonomia","tag-indexacao","tag-livrosci","tag-ontologias","tag-politicadeindexacao","tag-sumarizacaodetextos"],"jetpack_publicize_connections":[],"jetpack_featured_media_url":"","views":"","jetpack_sharing_enabled":true,"_links":{"self":[{"href":"https:\/\/www.pedroandretta.info\/index\/wp-json\/wp\/v2\/posts\/23446","targetHints":{"allow":["GET"]}}],"collection":[{"href":"https:\/\/www.pedroandretta.info\/index\/wp-json\/wp\/v2\/posts"}],"about":[{"href":"https:\/\/www.pedroandretta.info\/index\/wp-json\/wp\/v2\/types\/post"}],"author":[{"embeddable":true,"href":"https:\/\/www.pedroandretta.info\/index\/wp-json\/wp\/v2\/users\/1"}],"replies":[{"embeddable":true,"href":"https:\/\/www.pedroandretta.info\/index\/wp-json\/wp\/v2\/comments?post=23446"}],"version-history":[{"count":0,"href":"https:\/\/www.pedroandretta.info\/index\/wp-json\/wp\/v2\/posts\/23446\/revisions"}],"wp:attachment":[{"href":"https:\/\/www.pedroandretta.info\/index\/wp-json\/wp\/v2\/media?parent=23446"}],"wp:term":[{"taxonomy":"category","embeddable":true,"href":"https:\/\/www.pedroandretta.info\/index\/wp-json\/wp\/v2\/categories?post=23446"},{"taxonomy":"post_tag","embeddable":true,"href":"https:\/\/www.pedroandretta.info\/index\/wp-json\/wp\/v2\/tags?post=23446"}],"curies":[{"name":"wp","href":"https:\/\/api.w.org\/{rel}","templated":true}]}}