{"id":23520,"date":"2024-01-26T11:40:41","date_gmt":"2024-01-26T15:40:41","guid":{"rendered":"https:\/\/www.pedroandretta.info\/index\/?p=23520"},"modified":"2024-01-26T11:40:49","modified_gmt":"2024-01-26T15:40:49","slug":"a-influencia-de-vieses-implicitos-na-adocao-dos-principios-deia","status":"publish","type":"post","link":"https:\/\/www.pedroandretta.info\/index\/2024\/01\/a-influencia-de-vieses-implicitos-na-adocao-dos-principios-deia\/","title":{"rendered":"A influ\u00eancia de vieses impl\u00edcitos na ado\u00e7\u00e3o dos princ\u00edpios DEIA"},"content":{"rendered":"\n<p><strong>A influ\u00eancia de vieses impl\u00edcitos na ado\u00e7\u00e3o dos princ\u00edpios DEIA<\/strong><\/p>\n\n\n\n<p>Princ\u00edpios de diversidade, equidade, inclus\u00e3o e acessibilidade (DEIA) s\u00e3o fundamentais nos projetos de pesquisa e para a editoria cient\u00edfica. O estudo \u201cGlobal health journals need to address equity, diversity and inclusion\u201d,2 com 551 comit\u00eas editoriais de peri\u00f3dicos de sa\u00fade revelou que apenas 35% dos editores s\u00e3o mulheres, com uma \u00fanica mulher ocupando o cargo de editora-chefe em pa\u00edses de baixa e m\u00e9dia renda, evidenciando a precariedade desse cen\u00e1rio em diferentes inst\u00e2ncias da editoria cient\u00edfica.<\/p>\n\n\n\n<p>#DEIA #DEI #Inclus\u00e3o #Acessibilidade #Equidade<\/p>\n\n\n\n<p>via SciELO<\/p>\n\n\n\n<p>Dispon\u00edvel em: <a href=\"https:\/\/blog.scielo.org\/blog\/2024\/01\/24\/a-influencia-de-vieses-implicitos-na-adocao-dos-principios-deia\/\">https:\/\/blog.scielo.org\/blog\/2024\/01\/24\/a-influencia-de-vieses-implicitos-na-adocao-dos-principios-deia\/<\/a><\/p>\n","protected":false},"excerpt":{"rendered":"<p>A influ\u00eancia de vieses impl\u00edcitos na ado\u00e7\u00e3o dos princ\u00edpios DEIA Princ\u00edpios de diversidade, equidade, inclus\u00e3o e acessibilidade (DEIA) s\u00e3o fundamentais nos projetos de pesquisa e para a editoria cient\u00edfica. O estudo \u201cGlobal health journals need to address equity, diversity and inclusion\u201d,2 com 551 comit\u00eas editoriais de peri\u00f3dicos de sa\u00fade revelou que apenas 35% dos editores<\/p><\/div>\n<div class=\"blog-btn\"><a href=\"https:\/\/www.pedroandretta.info\/index\/2024\/01\/a-influencia-de-vieses-implicitos-na-adocao-dos-principios-deia\/\" class=\"home-blog-btn\">Ler mais<\/a><\/p>\n","protected":false},"author":1,"featured_media":0,"comment_status":"open","ping_status":"open","sticky":false,"template":"","format":"standard","meta":{"_jetpack_newsletter_access":"","_jetpack_dont_email_post_to_subs":false,"_jetpack_newsletter_tier_id":0,"_jetpack_memberships_contains_paywalled_content":false,"_jetpack_feature_clip_id":0,"_jetpack_memberships_contains_paid_content":false,"footnotes":"","jetpack_publicize_message":"","jetpack_publicize_feature_enabled":true,"jetpack_social_post_already_shared":true,"jetpack_social_options":{"image_generator_settings":{"template":"highway","default_image_id":0,"font":"","enabled":false},"version":2},"jetpack_post_was_ever_published":false},"categories":[21],"tags":[637,3261,304,850],"class_list":["post-23520","post","type-post","status-publish","format-standard","hentry","category-informeci","tag-acessibilidade","tag-dei","tag-diversidade","tag-inclusao"],"jetpack_publicize_connections":[],"jetpack_featured_media_url":"","views":"","jetpack_sharing_enabled":true,"_links":{"self":[{"href":"https:\/\/www.pedroandretta.info\/index\/wp-json\/wp\/v2\/posts\/23520","targetHints":{"allow":["GET"]}}],"collection":[{"href":"https:\/\/www.pedroandretta.info\/index\/wp-json\/wp\/v2\/posts"}],"about":[{"href":"https:\/\/www.pedroandretta.info\/index\/wp-json\/wp\/v2\/types\/post"}],"author":[{"embeddable":true,"href":"https:\/\/www.pedroandretta.info\/index\/wp-json\/wp\/v2\/users\/1"}],"replies":[{"embeddable":true,"href":"https:\/\/www.pedroandretta.info\/index\/wp-json\/wp\/v2\/comments?post=23520"}],"version-history":[{"count":0,"href":"https:\/\/www.pedroandretta.info\/index\/wp-json\/wp\/v2\/posts\/23520\/revisions"}],"wp:attachment":[{"href":"https:\/\/www.pedroandretta.info\/index\/wp-json\/wp\/v2\/media?parent=23520"}],"wp:term":[{"taxonomy":"category","embeddable":true,"href":"https:\/\/www.pedroandretta.info\/index\/wp-json\/wp\/v2\/categories?post=23520"},{"taxonomy":"post_tag","embeddable":true,"href":"https:\/\/www.pedroandretta.info\/index\/wp-json\/wp\/v2\/tags?post=23520"}],"curies":[{"name":"wp","href":"https:\/\/api.w.org\/{rel}","templated":true}]}}