{"id":23528,"date":"2024-01-26T21:29:51","date_gmt":"2024-01-27T01:29:51","guid":{"rendered":"https:\/\/www.pedroandretta.info\/index\/?p=23528"},"modified":"2024-01-26T21:29:57","modified_gmt":"2024-01-27T01:29:57","slug":"a-luz-como-metafora-do-conhecimento","status":"publish","type":"post","link":"https:\/\/www.pedroandretta.info\/index\/2024\/01\/a-luz-como-metafora-do-conhecimento\/","title":{"rendered":"A luz como met\u00e1fora do conhecimento"},"content":{"rendered":"\n<p><strong>A luz como met\u00e1fora do conhecimento<\/strong><\/p>\n\n\n\n<p>Hoje historiadores afirmam que a ideia de um momento sombrio (ou das trevas) como sin\u00f4nimo da Idade M\u00e9dia fez parte do projeto iluminista de refuta\u00e7\u00e3o dos conhecimentos passados, sendo eles muitos em quantidade, al\u00e9m de valiosos. A luz das ci\u00eancias modernas n\u00e3o haveria sido acesa sem os fil\u00f3sofos e pensadores da idade das \u201ctrevas\u201d, conforme afirmam diversos autores na revista cient\u00edfica <a rel=\"noreferrer noopener\" href=\"https:\/\/www.journals.uchicago.edu\/toc\/spc\/current\" target=\"_blank\"><em>Speculum<\/em><\/a>, de estudos medievais.<\/p>\n\n\n\n<p>via ComCi\u00eancia<\/p>\n\n\n\n<p>#Ci\u00eancia #Conhecimento<\/p>\n\n\n\n<p>Dispon\u00edvel em: <a href=\"https:\/\/www.comciencia.br\/a-luz-como-metafora-do-conhecimento\/\">https:\/\/www.comciencia.br\/a-luz-como-metafora-do-conhecimento\/<\/a><\/p>\n","protected":false},"excerpt":{"rendered":"<p>A luz como met\u00e1fora do conhecimento Hoje historiadores afirmam que a ideia de um momento sombrio (ou das trevas) como sin\u00f4nimo da Idade M\u00e9dia fez parte do projeto iluminista de refuta\u00e7\u00e3o dos conhecimentos passados, sendo eles muitos em quantidade, al\u00e9m de valiosos. A luz das ci\u00eancias modernas n\u00e3o haveria sido acesa sem os fil\u00f3sofos e<\/p><\/div>\n<div class=\"blog-btn\"><a href=\"https:\/\/www.pedroandretta.info\/index\/2024\/01\/a-luz-como-metafora-do-conhecimento\/\" class=\"home-blog-btn\">Ler mais<\/a><\/p>\n","protected":false},"author":1,"featured_media":0,"comment_status":"open","ping_status":"open","sticky":false,"template":"","format":"standard","meta":{"_jetpack_memberships_contains_paid_content":false,"footnotes":"","jetpack_publicize_message":"","jetpack_publicize_feature_enabled":true,"jetpack_social_post_already_shared":true,"jetpack_social_options":{"image_generator_settings":{"template":"highway","default_image_id":0,"font":"","enabled":false},"version":2}},"categories":[21],"tags":[128,229],"class_list":["post-23528","post","type-post","status-publish","format-standard","hentry","category-informeci","tag-ciencia","tag-conhecimento"],"jetpack_publicize_connections":[],"jetpack_featured_media_url":"","views":"","jetpack_sharing_enabled":true,"_links":{"self":[{"href":"https:\/\/www.pedroandretta.info\/index\/wp-json\/wp\/v2\/posts\/23528","targetHints":{"allow":["GET"]}}],"collection":[{"href":"https:\/\/www.pedroandretta.info\/index\/wp-json\/wp\/v2\/posts"}],"about":[{"href":"https:\/\/www.pedroandretta.info\/index\/wp-json\/wp\/v2\/types\/post"}],"author":[{"embeddable":true,"href":"https:\/\/www.pedroandretta.info\/index\/wp-json\/wp\/v2\/users\/1"}],"replies":[{"embeddable":true,"href":"https:\/\/www.pedroandretta.info\/index\/wp-json\/wp\/v2\/comments?post=23528"}],"version-history":[{"count":0,"href":"https:\/\/www.pedroandretta.info\/index\/wp-json\/wp\/v2\/posts\/23528\/revisions"}],"wp:attachment":[{"href":"https:\/\/www.pedroandretta.info\/index\/wp-json\/wp\/v2\/media?parent=23528"}],"wp:term":[{"taxonomy":"category","embeddable":true,"href":"https:\/\/www.pedroandretta.info\/index\/wp-json\/wp\/v2\/categories?post=23528"},{"taxonomy":"post_tag","embeddable":true,"href":"https:\/\/www.pedroandretta.info\/index\/wp-json\/wp\/v2\/tags?post=23528"}],"curies":[{"name":"wp","href":"https:\/\/api.w.org\/{rel}","templated":true}]}}