{"id":23571,"date":"2024-01-30T22:32:52","date_gmt":"2024-01-31T02:32:52","guid":{"rendered":"https:\/\/www.pedroandretta.info\/index\/?p=23571"},"modified":"2024-01-30T22:32:54","modified_gmt":"2024-01-31T02:32:54","slug":"o-conceito-de-bibliotecario-clinico-no-contexto-brasileiro","status":"publish","type":"post","link":"https:\/\/www.pedroandretta.info\/index\/2024\/01\/o-conceito-de-bibliotecario-clinico-no-contexto-brasileiro\/","title":{"rendered":"O conceito de Bibliotec\u00e1rio Cl\u00ednico no contexto brasileiro"},"content":{"rendered":"\n<p><strong>O conceito de Bibliotec\u00e1rio Cl\u00ednico no contexto brasileiro<\/strong><\/p>\n\n\n\n<p>Os conceitos e atua\u00e7\u00e3o do Bibliotec\u00e1rio Cl\u00ednico no cen\u00e1rio brasileiro foram descritos, sendo que apenas dois estudos citaram a participa\u00e7\u00e3o deste profissional em rondas cl\u00ednicas acompanhando a equipe m\u00e9dica.<\/p>\n\n\n\n<p>#Bibliotec\u00e1rioCl\u00ednico<\/p>\n\n\n\n<p>Dispon\u00edvel em: <a href=\"https:\/\/revistas.ancib.org\/index.php\/tpbci\/article\/view\/629\">https:\/\/revistas.ancib.org\/index.php\/tpbci\/article\/view\/629<\/a><\/p>\n\n\n\n<figure class=\"wp-block-image size-full\"><img data-recalc-dims=\"1\" decoding=\"async\" width=\"385\" height=\"552\" src=\"https:\/\/i0.wp.com\/www.pedroandretta.info\/index\/wp-content\/uploads\/2024\/01\/image-53.png?resize=385%2C552&#038;ssl=1\" alt=\"\" class=\"wp-image-23572\" srcset=\"https:\/\/i0.wp.com\/www.pedroandretta.info\/index\/wp-content\/uploads\/2024\/01\/image-53.png?w=385&amp;ssl=1 385w, https:\/\/i0.wp.com\/www.pedroandretta.info\/index\/wp-content\/uploads\/2024\/01\/image-53.png?resize=209%2C300&amp;ssl=1 209w\" sizes=\"(max-width: 385px) 100vw, 385px\" \/><\/figure>\n","protected":false},"excerpt":{"rendered":"<p>O conceito de Bibliotec\u00e1rio Cl\u00ednico no contexto brasileiro Os conceitos e atua\u00e7\u00e3o do Bibliotec\u00e1rio Cl\u00ednico no cen\u00e1rio brasileiro foram descritos, sendo que apenas dois estudos citaram a participa\u00e7\u00e3o deste profissional em rondas cl\u00ednicas acompanhando a equipe m\u00e9dica. #Bibliotec\u00e1rioCl\u00ednico Dispon\u00edvel em: https:\/\/revistas.ancib.org\/index.php\/tpbci\/article\/view\/629<\/p>\n","protected":false},"author":1,"featured_media":0,"comment_status":"open","ping_status":"open","sticky":false,"template":"","format":"standard","meta":{"_jetpack_memberships_contains_paid_content":false,"footnotes":"","jetpack_publicize_message":"","jetpack_publicize_feature_enabled":true,"jetpack_social_post_already_shared":true,"jetpack_social_options":{"image_generator_settings":{"template":"highway","default_image_id":0,"font":"","enabled":false},"version":2}},"categories":[21],"tags":[1737],"class_list":["post-23571","post","type-post","status-publish","format-standard","hentry","category-informeci","tag-bibliotecarioclinico"],"jetpack_publicize_connections":[],"jetpack_featured_media_url":"","views":"","jetpack_sharing_enabled":true,"_links":{"self":[{"href":"https:\/\/www.pedroandretta.info\/index\/wp-json\/wp\/v2\/posts\/23571","targetHints":{"allow":["GET"]}}],"collection":[{"href":"https:\/\/www.pedroandretta.info\/index\/wp-json\/wp\/v2\/posts"}],"about":[{"href":"https:\/\/www.pedroandretta.info\/index\/wp-json\/wp\/v2\/types\/post"}],"author":[{"embeddable":true,"href":"https:\/\/www.pedroandretta.info\/index\/wp-json\/wp\/v2\/users\/1"}],"replies":[{"embeddable":true,"href":"https:\/\/www.pedroandretta.info\/index\/wp-json\/wp\/v2\/comments?post=23571"}],"version-history":[{"count":0,"href":"https:\/\/www.pedroandretta.info\/index\/wp-json\/wp\/v2\/posts\/23571\/revisions"}],"wp:attachment":[{"href":"https:\/\/www.pedroandretta.info\/index\/wp-json\/wp\/v2\/media?parent=23571"}],"wp:term":[{"taxonomy":"category","embeddable":true,"href":"https:\/\/www.pedroandretta.info\/index\/wp-json\/wp\/v2\/categories?post=23571"},{"taxonomy":"post_tag","embeddable":true,"href":"https:\/\/www.pedroandretta.info\/index\/wp-json\/wp\/v2\/tags?post=23571"}],"curies":[{"name":"wp","href":"https:\/\/api.w.org\/{rel}","templated":true}]}}