{"id":23585,"date":"2024-02-01T09:21:39","date_gmt":"2024-02-01T13:21:39","guid":{"rendered":"https:\/\/www.pedroandretta.info\/index\/?p=23585"},"modified":"2024-02-01T09:21:42","modified_gmt":"2024-02-01T13:21:42","slug":"o-radiojornalismo-na-comunidade-quilombola-de-santa-maria-das-mangueiras","status":"publish","type":"post","link":"https:\/\/www.pedroandretta.info\/index\/2024\/02\/o-radiojornalismo-na-comunidade-quilombola-de-santa-maria-das-mangueiras\/","title":{"rendered":"O Radiojornalismo na Comunidade Quilombola de Santa Maria das Mangueiras"},"content":{"rendered":"\n<p><strong>O Radiojornalismo na Comunidade Quilombola de Santa Maria das Mangueiras<\/strong><\/p>\n\n\n\n<p>radiojornalismo tem se mostrado uma ferramenta importante na comunica\u00e7\u00e3o com as comunidades quilombolas. Na Comunidade visitada, os moradores estabeleceram uma rela\u00e7\u00e3o de confian\u00e7a com o r\u00e1dio, que se tornou um meio de informa\u00e7\u00e3o e entretenimento.<\/p>\n\n\n\n<p>#Radiojornalismo #ComunidadesQuilombolas<\/p>\n\n\n\n<p>Dispon\u00edvel em: <a href=\"https:\/\/periodicos.ufpb.br\/ojs2\/index.php\/ies\/article\/view\/67315\">https:\/\/periodicos.ufpb.br\/ojs2\/index.php\/ies\/article\/view\/67315<\/a><\/p>\n","protected":false},"excerpt":{"rendered":"<p>O Radiojornalismo na Comunidade Quilombola de Santa Maria das Mangueiras radiojornalismo tem se mostrado uma ferramenta importante na comunica\u00e7\u00e3o com as comunidades quilombolas. Na Comunidade visitada, os moradores estabeleceram uma rela\u00e7\u00e3o de confian\u00e7a com o r\u00e1dio, que se tornou um meio de informa\u00e7\u00e3o e entretenimento. #Radiojornalismo #ComunidadesQuilombolas Dispon\u00edvel em: https:\/\/periodicos.ufpb.br\/ojs2\/index.php\/ies\/article\/view\/67315<\/p>\n","protected":false},"author":1,"featured_media":0,"comment_status":"open","ping_status":"open","sticky":false,"template":"","format":"standard","meta":{"_jetpack_memberships_contains_paid_content":false,"footnotes":"","jetpack_publicize_message":"","jetpack_publicize_feature_enabled":true,"jetpack_social_post_already_shared":true,"jetpack_social_options":{"image_generator_settings":{"template":"highway","default_image_id":0,"font":"","enabled":false},"version":2}},"categories":[21],"tags":[1087,3650],"class_list":["post-23585","post","type-post","status-publish","format-standard","hentry","category-informeci","tag-comunidadesquilbolas","tag-radiojornalismo"],"jetpack_publicize_connections":[],"jetpack_featured_media_url":"","views":"","jetpack_sharing_enabled":true,"_links":{"self":[{"href":"https:\/\/www.pedroandretta.info\/index\/wp-json\/wp\/v2\/posts\/23585","targetHints":{"allow":["GET"]}}],"collection":[{"href":"https:\/\/www.pedroandretta.info\/index\/wp-json\/wp\/v2\/posts"}],"about":[{"href":"https:\/\/www.pedroandretta.info\/index\/wp-json\/wp\/v2\/types\/post"}],"author":[{"embeddable":true,"href":"https:\/\/www.pedroandretta.info\/index\/wp-json\/wp\/v2\/users\/1"}],"replies":[{"embeddable":true,"href":"https:\/\/www.pedroandretta.info\/index\/wp-json\/wp\/v2\/comments?post=23585"}],"version-history":[{"count":0,"href":"https:\/\/www.pedroandretta.info\/index\/wp-json\/wp\/v2\/posts\/23585\/revisions"}],"wp:attachment":[{"href":"https:\/\/www.pedroandretta.info\/index\/wp-json\/wp\/v2\/media?parent=23585"}],"wp:term":[{"taxonomy":"category","embeddable":true,"href":"https:\/\/www.pedroandretta.info\/index\/wp-json\/wp\/v2\/categories?post=23585"},{"taxonomy":"post_tag","embeddable":true,"href":"https:\/\/www.pedroandretta.info\/index\/wp-json\/wp\/v2\/tags?post=23585"}],"curies":[{"name":"wp","href":"https:\/\/api.w.org\/{rel}","templated":true}]}}