{"id":23610,"date":"2024-02-03T19:48:00","date_gmt":"2024-02-03T23:48:00","guid":{"rendered":"https:\/\/www.pedroandretta.info\/index\/?p=23610"},"modified":"2024-02-03T19:48:06","modified_gmt":"2024-02-03T23:48:06","slug":"a-revista-feminina-1914-1930-em-perspectiva-o-uso-da-imprensa-e-dos-arquivos-para-pensar-a-historia-das-mulheres","status":"publish","type":"post","link":"https:\/\/www.pedroandretta.info\/index\/2024\/02\/a-revista-feminina-1914-1930-em-perspectiva-o-uso-da-imprensa-e-dos-arquivos-para-pensar-a-historia-das-mulheres\/","title":{"rendered":"A Revista Feminina (1914-1930) em perspectiva: o uso da imprensa e dos arquivos para pensar a hist\u00f3ria das mulheres"},"content":{"rendered":"\n<p><strong>A Revista Feminina (1914-1930) em perspectiva: o uso da imprensa e dos arquivos para pensar a hist\u00f3ria das mulheres<\/strong><\/p>\n\n\n\n<p>a Revista Feminina, mesmo sendo um peri\u00f3dico feito por mulheres e para mulheres, ainda repre-sentava o contexto \u201cpatriarcal\u201d de um pa\u00eds que estava instaurando uma rep\u00fabli-ca pautada nos pap\u00e9is duais de g\u00eanero (e nos pilares excludentes de ra\u00e7a e clas-se). Mas nas entrelinhas, em algumas imagens e at\u00e9 nos editoriais, podemos ver a atividade multiforme das mulheres, mesmo que ainda houvesse a ideia quase que central da tr\u00edade m\u00e3e, esposa e dona de casa.<\/p>\n\n\n\n<p>#G\u00eanero #Hist\u00f3riaDasMulheres<\/p>\n\n\n\n<p>Dispon\u00edvel em: <a href=\"https:\/\/revista.an.gov.br\/index.php\/revistaacervo\/article\/view\/1974\">https:\/\/revista.an.gov.br\/index.php\/revistaacervo\/article\/view\/1974<\/a><\/p>\n\n\n\n<figure class=\"wp-block-image size-large\"><img data-recalc-dims=\"1\" decoding=\"async\" width=\"458\" height=\"600\" src=\"https:\/\/i0.wp.com\/www.pedroandretta.info\/index\/wp-content\/uploads\/2024\/02\/image-7.png?resize=458%2C600&#038;ssl=1\" alt=\"\" class=\"wp-image-23611\" srcset=\"https:\/\/i0.wp.com\/www.pedroandretta.info\/index\/wp-content\/uploads\/2024\/02\/image-7.png?resize=458%2C600&amp;ssl=1 458w, https:\/\/i0.wp.com\/www.pedroandretta.info\/index\/wp-content\/uploads\/2024\/02\/image-7.png?resize=229%2C300&amp;ssl=1 229w, https:\/\/i0.wp.com\/www.pedroandretta.info\/index\/wp-content\/uploads\/2024\/02\/image-7.png?w=572&amp;ssl=1 572w\" sizes=\"(max-width: 458px) 100vw, 458px\" \/><\/figure>\n","protected":false},"excerpt":{"rendered":"<p>A Revista Feminina (1914-1930) em perspectiva: o uso da imprensa e dos arquivos para pensar a hist\u00f3ria das mulheres a Revista Feminina, mesmo sendo um peri\u00f3dico feito por mulheres e para mulheres, ainda repre-sentava o contexto \u201cpatriarcal\u201d de um pa\u00eds que estava instaurando uma rep\u00fabli-ca pautada nos pap\u00e9is duais de g\u00eanero (e nos pilares excludentes<\/p><\/div>\n<div class=\"blog-btn\"><a href=\"https:\/\/www.pedroandretta.info\/index\/2024\/02\/a-revista-feminina-1914-1930-em-perspectiva-o-uso-da-imprensa-e-dos-arquivos-para-pensar-a-historia-das-mulheres\/\" class=\"home-blog-btn\">Ler mais<\/a><\/p>\n","protected":false},"author":1,"featured_media":0,"comment_status":"open","ping_status":"open","sticky":false,"template":"","format":"standard","meta":{"_jetpack_memberships_contains_paid_content":false,"footnotes":"","jetpack_publicize_message":"","jetpack_publicize_feature_enabled":true,"jetpack_social_post_already_shared":true,"jetpack_social_options":{"image_generator_settings":{"template":"highway","default_image_id":0,"font":"","enabled":false},"version":2}},"categories":[21],"tags":[178,1844],"class_list":["post-23610","post","type-post","status-publish","format-standard","hentry","category-informeci","tag-genero","tag-historiadasmulheres"],"jetpack_publicize_connections":[],"jetpack_featured_media_url":"","views":"","jetpack_sharing_enabled":true,"_links":{"self":[{"href":"https:\/\/www.pedroandretta.info\/index\/wp-json\/wp\/v2\/posts\/23610","targetHints":{"allow":["GET"]}}],"collection":[{"href":"https:\/\/www.pedroandretta.info\/index\/wp-json\/wp\/v2\/posts"}],"about":[{"href":"https:\/\/www.pedroandretta.info\/index\/wp-json\/wp\/v2\/types\/post"}],"author":[{"embeddable":true,"href":"https:\/\/www.pedroandretta.info\/index\/wp-json\/wp\/v2\/users\/1"}],"replies":[{"embeddable":true,"href":"https:\/\/www.pedroandretta.info\/index\/wp-json\/wp\/v2\/comments?post=23610"}],"version-history":[{"count":0,"href":"https:\/\/www.pedroandretta.info\/index\/wp-json\/wp\/v2\/posts\/23610\/revisions"}],"wp:attachment":[{"href":"https:\/\/www.pedroandretta.info\/index\/wp-json\/wp\/v2\/media?parent=23610"}],"wp:term":[{"taxonomy":"category","embeddable":true,"href":"https:\/\/www.pedroandretta.info\/index\/wp-json\/wp\/v2\/categories?post=23610"},{"taxonomy":"post_tag","embeddable":true,"href":"https:\/\/www.pedroandretta.info\/index\/wp-json\/wp\/v2\/tags?post=23610"}],"curies":[{"name":"wp","href":"https:\/\/api.w.org\/{rel}","templated":true}]}}