{"id":23613,"date":"2024-02-03T19:55:05","date_gmt":"2024-02-03T23:55:05","guid":{"rendered":"https:\/\/www.pedroandretta.info\/index\/?p=23613"},"modified":"2024-02-03T19:55:08","modified_gmt":"2024-02-03T23:55:08","slug":"a-percepcao-dos-editores-de-revistas-cientificas-brasileiras-sobre-a-disponibilizacao-dos-dados-de-pesquisa-relacionados-aos-artigos","status":"publish","type":"post","link":"https:\/\/www.pedroandretta.info\/index\/2024\/02\/a-percepcao-dos-editores-de-revistas-cientificas-brasileiras-sobre-a-disponibilizacao-dos-dados-de-pesquisa-relacionados-aos-artigos\/","title":{"rendered":"A percep\u00e7\u00e3o dos editores de revistas cient\u00edficas brasileiras, sobre a disponibiliza\u00e7\u00e3o dos dados de pesquisa relacionados aos artigos"},"content":{"rendered":"\n<p><strong>A percep\u00e7\u00e3o dos editores de revistas cient\u00edficas brasileiras, sobre a disponibiliza\u00e7\u00e3o dos dados de pesquisa relacionados aos artigos<\/strong><\/p>\n\n\n\n<p>A maioria dos peri\u00f3dicos (62%) n\u00e3o tem uma pol\u00edtica editorial sobre os dados de pesquisa. O conjunto de dados n\u00e3o \u00e9 avaliado pelos revisores (58,76%), mas, mesmo assim, as revistas disponibilizam o conjunto de dados como material suplementar aos revisores (63,54%).<\/p>\n\n\n\n<p>#DadosDePesquisa #Latindex #Peri\u00f3dicos<\/p>\n\n\n\n<p>Dispon\u00edvel em: <a href=\"https:\/\/lume.ufrgs.br\/handle\/10183\/271336\">https:\/\/lume.ufrgs.br\/handle\/10183\/271336<\/a><\/p>\n\n\n\n<figure class=\"wp-block-image size-large\"><img data-recalc-dims=\"1\" decoding=\"async\" width=\"430\" height=\"600\" src=\"https:\/\/i0.wp.com\/www.pedroandretta.info\/index\/wp-content\/uploads\/2024\/02\/image-8.png?resize=430%2C600&#038;ssl=1\" alt=\"\" class=\"wp-image-23614\" srcset=\"https:\/\/i0.wp.com\/www.pedroandretta.info\/index\/wp-content\/uploads\/2024\/02\/image-8.png?resize=430%2C600&amp;ssl=1 430w, https:\/\/i0.wp.com\/www.pedroandretta.info\/index\/wp-content\/uploads\/2024\/02\/image-8.png?resize=215%2C300&amp;ssl=1 215w, https:\/\/i0.wp.com\/www.pedroandretta.info\/index\/wp-content\/uploads\/2024\/02\/image-8.png?w=513&amp;ssl=1 513w\" sizes=\"(max-width: 430px) 100vw, 430px\" \/><\/figure>\n","protected":false},"excerpt":{"rendered":"<p>A percep\u00e7\u00e3o dos editores de revistas cient\u00edficas brasileiras, sobre a disponibiliza\u00e7\u00e3o dos dados de pesquisa relacionados aos artigos A maioria dos peri\u00f3dicos (62%) n\u00e3o tem uma pol\u00edtica editorial sobre os dados de pesquisa. O conjunto de dados n\u00e3o \u00e9 avaliado pelos revisores (58,76%), mas, mesmo assim, as revistas disponibilizam o conjunto de dados como material<\/p><\/div>\n<div class=\"blog-btn\"><a href=\"https:\/\/www.pedroandretta.info\/index\/2024\/02\/a-percepcao-dos-editores-de-revistas-cientificas-brasileiras-sobre-a-disponibilizacao-dos-dados-de-pesquisa-relacionados-aos-artigos\/\" class=\"home-blog-btn\">Ler mais<\/a><\/p>\n","protected":false},"author":1,"featured_media":0,"comment_status":"open","ping_status":"open","sticky":false,"template":"","format":"standard","meta":{"_jetpack_memberships_contains_paid_content":false,"footnotes":"","jetpack_publicize_message":"","jetpack_publicize_feature_enabled":true,"jetpack_social_post_already_shared":true,"jetpack_social_options":{"image_generator_settings":{"template":"highway","default_image_id":0,"font":"","enabled":false},"version":2}},"categories":[21],"tags":[209,1261,243],"class_list":["post-23613","post","type-post","status-publish","format-standard","hentry","category-informeci","tag-dadosdepesquisa","tag-latindex","tag-periodicos"],"jetpack_publicize_connections":[],"jetpack_featured_media_url":"","views":"","jetpack_sharing_enabled":true,"_links":{"self":[{"href":"https:\/\/www.pedroandretta.info\/index\/wp-json\/wp\/v2\/posts\/23613","targetHints":{"allow":["GET"]}}],"collection":[{"href":"https:\/\/www.pedroandretta.info\/index\/wp-json\/wp\/v2\/posts"}],"about":[{"href":"https:\/\/www.pedroandretta.info\/index\/wp-json\/wp\/v2\/types\/post"}],"author":[{"embeddable":true,"href":"https:\/\/www.pedroandretta.info\/index\/wp-json\/wp\/v2\/users\/1"}],"replies":[{"embeddable":true,"href":"https:\/\/www.pedroandretta.info\/index\/wp-json\/wp\/v2\/comments?post=23613"}],"version-history":[{"count":0,"href":"https:\/\/www.pedroandretta.info\/index\/wp-json\/wp\/v2\/posts\/23613\/revisions"}],"wp:attachment":[{"href":"https:\/\/www.pedroandretta.info\/index\/wp-json\/wp\/v2\/media?parent=23613"}],"wp:term":[{"taxonomy":"category","embeddable":true,"href":"https:\/\/www.pedroandretta.info\/index\/wp-json\/wp\/v2\/categories?post=23613"},{"taxonomy":"post_tag","embeddable":true,"href":"https:\/\/www.pedroandretta.info\/index\/wp-json\/wp\/v2\/tags?post=23613"}],"curies":[{"name":"wp","href":"https:\/\/api.w.org\/{rel}","templated":true}]}}