{"id":23773,"date":"2024-02-16T11:15:07","date_gmt":"2024-02-16T15:15:07","guid":{"rendered":"https:\/\/www.pedroandretta.info\/index\/?p=23773"},"modified":"2024-02-16T11:15:10","modified_gmt":"2024-02-16T15:15:10","slug":"o-que-e-catalogacao","status":"publish","type":"post","link":"https:\/\/www.pedroandretta.info\/index\/2024\/02\/o-que-e-catalogacao\/","title":{"rendered":"O que \u00e9 cataloga\u00e7\u00e3o?"},"content":{"rendered":"\n<p><strong>O que \u00e9 cataloga\u00e7\u00e3o?<\/strong><\/p>\n\n\n\n<p>A Cataloga\u00e7\u00e3o \u00e9 uma das etapas do processo document\u00e1rio, motivo pelo qual seus aspectos conceituais fornecem par\u00e2metros \u00e0s pr\u00e1ticas profissionais. A pesquisa teve como objetivo explorar a produ\u00e7\u00e3o de conceitos sobre Cataloga\u00e7\u00e3o, com o fim de identificar aspectos considerados mais marcantes.<\/p>\n\n\n\n<p>#Cataloga\u00e7\u00e3o<\/p>\n\n\n\n<p>Dispon\u00edvel em: <a href=\"https:\/\/www.seer.ufal.br\/index.php\/cir\/article\/view\/16293\">https:\/\/www.seer.ufal.br\/index.php\/cir\/article\/view\/16293<\/a><\/p>\n\n\n\n<figure class=\"wp-block-image size-full\"><img data-recalc-dims=\"1\" decoding=\"async\" width=\"343\" height=\"533\" src=\"https:\/\/i0.wp.com\/www.pedroandretta.info\/index\/wp-content\/uploads\/2024\/02\/image-49.png?resize=343%2C533&#038;ssl=1\" alt=\"\" class=\"wp-image-23774\" srcset=\"https:\/\/i0.wp.com\/www.pedroandretta.info\/index\/wp-content\/uploads\/2024\/02\/image-49.png?w=343&amp;ssl=1 343w, https:\/\/i0.wp.com\/www.pedroandretta.info\/index\/wp-content\/uploads\/2024\/02\/image-49.png?resize=193%2C300&amp;ssl=1 193w\" sizes=\"(max-width: 343px) 100vw, 343px\" \/><\/figure>\n","protected":false},"excerpt":{"rendered":"<p>O que \u00e9 cataloga\u00e7\u00e3o? A Cataloga\u00e7\u00e3o \u00e9 uma das etapas do processo document\u00e1rio, motivo pelo qual seus aspectos conceituais fornecem par\u00e2metros \u00e0s pr\u00e1ticas profissionais. A pesquisa teve como objetivo explorar a produ\u00e7\u00e3o de conceitos sobre Cataloga\u00e7\u00e3o, com o fim de identificar aspectos considerados mais marcantes. #Cataloga\u00e7\u00e3o Dispon\u00edvel em: https:\/\/www.seer.ufal.br\/index.php\/cir\/article\/view\/16293<\/p>\n","protected":false},"author":1,"featured_media":0,"comment_status":"open","ping_status":"open","sticky":false,"template":"","format":"standard","meta":{"_jetpack_memberships_contains_paid_content":false,"footnotes":"","jetpack_publicize_message":"","jetpack_publicize_feature_enabled":true,"jetpack_social_post_already_shared":true,"jetpack_social_options":{"image_generator_settings":{"template":"highway","default_image_id":0,"font":"","enabled":false},"version":2}},"categories":[21],"tags":[67],"class_list":["post-23773","post","type-post","status-publish","format-standard","hentry","category-informeci","tag-catalogacao"],"jetpack_publicize_connections":[],"jetpack_featured_media_url":"","views":"","jetpack_sharing_enabled":true,"_links":{"self":[{"href":"https:\/\/www.pedroandretta.info\/index\/wp-json\/wp\/v2\/posts\/23773","targetHints":{"allow":["GET"]}}],"collection":[{"href":"https:\/\/www.pedroandretta.info\/index\/wp-json\/wp\/v2\/posts"}],"about":[{"href":"https:\/\/www.pedroandretta.info\/index\/wp-json\/wp\/v2\/types\/post"}],"author":[{"embeddable":true,"href":"https:\/\/www.pedroandretta.info\/index\/wp-json\/wp\/v2\/users\/1"}],"replies":[{"embeddable":true,"href":"https:\/\/www.pedroandretta.info\/index\/wp-json\/wp\/v2\/comments?post=23773"}],"version-history":[{"count":0,"href":"https:\/\/www.pedroandretta.info\/index\/wp-json\/wp\/v2\/posts\/23773\/revisions"}],"wp:attachment":[{"href":"https:\/\/www.pedroandretta.info\/index\/wp-json\/wp\/v2\/media?parent=23773"}],"wp:term":[{"taxonomy":"category","embeddable":true,"href":"https:\/\/www.pedroandretta.info\/index\/wp-json\/wp\/v2\/categories?post=23773"},{"taxonomy":"post_tag","embeddable":true,"href":"https:\/\/www.pedroandretta.info\/index\/wp-json\/wp\/v2\/tags?post=23773"}],"curies":[{"name":"wp","href":"https:\/\/api.w.org\/{rel}","templated":true}]}}