{"id":23877,"date":"2024-02-26T10:02:31","date_gmt":"2024-02-26T14:02:31","guid":{"rendered":"https:\/\/www.pedroandretta.info\/index\/?p=23877"},"modified":"2024-02-26T10:02:36","modified_gmt":"2024-02-26T14:02:36","slug":"o-grito-das-invisiveis-que-ecoa-na-historia-por-mellanie-fontes-dutra-e-ana-de-medeiros-arnt","status":"publish","type":"post","link":"https:\/\/www.pedroandretta.info\/index\/2024\/02\/o-grito-das-invisiveis-que-ecoa-na-historia-por-mellanie-fontes-dutra-e-ana-de-medeiros-arnt\/","title":{"rendered":"O grito das invis\u00edveis que ecoa na hist\u00f3ria, por Mellanie Fontes-Dutra e Ana de Medeiros Arnt"},"content":{"rendered":"\n<p><strong>O grito das invis\u00edveis que ecoa na hist\u00f3ria, por Mellanie Fontes-Dutra e Ana de Medeiros Arnt<\/strong><\/p>\n\n\n\n<p>Segundo dados divulgados pelo Instituto de Estat\u00edstica da UNESCO<sup>1<\/sup>, menos de 30% dos pesquisadores, no mundo, s\u00e3o mulheres. No caso do Brasil, essa porcentagem \u00e9 visivelmente maior, somando 58% o n\u00famero de bolsistas da CAPES, segundo um levantamento de 2022<sup>2<\/sup>. Se estamos mais presentes, atualmente, onde est\u00e3o nossas cientistas?<\/p>\n\n\n\n<p>Parte dessa resposta se esconde em um sexismo nem-sempre-velado que existe no meio acad\u00eamico. A participa\u00e7\u00e3o das mulheres nas ci\u00eancias exatas ainda \u00e9 visivelmente menor do que a dos homens, e poucas de n\u00f3s alcan\u00e7am cargos mais altos, segundo reportagem da Folha<sup>3<\/sup>. Ainda n\u00e3o tivemos uma mulher na presid\u00eancia do CNPq (desde 1951)<sup>4<\/sup> e FINEP (desde 1967)<sup>5<\/sup>.<\/p>\n\n\n\n<p>#MulheresNaCi\u00eancia<\/p>\n\n\n\n<p>Dispon\u00edvel em: <a href=\"https:\/\/www.divulgaci.labci.online\/v-2-n-2-fev-2024\/o-grito-das-invisiveis-que-ecoa-na-historia-por-mellanie-fontes-dutra-e-ana-de-medeiros-arnt\/\">https:\/\/www.divulgaci.labci.online\/v-2-n-2-fev-2024\/o-grito-das-invisiveis-que-ecoa-na-historia-por-mellanie-fontes-dutra-e-ana-de-medeiros-arnt\/<\/a><\/p>\n\n\n\n<figure class=\"wp-block-image size-large\"><img data-recalc-dims=\"1\" decoding=\"async\" width=\"425\" height=\"600\" src=\"https:\/\/i0.wp.com\/www.pedroandretta.info\/index\/wp-content\/uploads\/2024\/02\/image-74.png?resize=425%2C600&#038;ssl=1\" alt=\"\" class=\"wp-image-23878\" srcset=\"https:\/\/i0.wp.com\/www.pedroandretta.info\/index\/wp-content\/uploads\/2024\/02\/image-74.png?resize=425%2C600&amp;ssl=1 425w, https:\/\/i0.wp.com\/www.pedroandretta.info\/index\/wp-content\/uploads\/2024\/02\/image-74.png?resize=212%2C300&amp;ssl=1 212w, https:\/\/i0.wp.com\/www.pedroandretta.info\/index\/wp-content\/uploads\/2024\/02\/image-74.png?w=429&amp;ssl=1 429w\" sizes=\"(max-width: 425px) 100vw, 425px\" \/><\/figure>\n","protected":false},"excerpt":{"rendered":"<p>O grito das invis\u00edveis que ecoa na hist\u00f3ria, por Mellanie Fontes-Dutra e Ana de Medeiros Arnt Segundo dados divulgados pelo Instituto de Estat\u00edstica da UNESCO1, menos de 30% dos pesquisadores, no mundo, s\u00e3o mulheres. No caso do Brasil, essa porcentagem \u00e9 visivelmente maior, somando 58% o n\u00famero de bolsistas da CAPES, segundo um levantamento de<\/p><\/div>\n<div class=\"blog-btn\"><a href=\"https:\/\/www.pedroandretta.info\/index\/2024\/02\/o-grito-das-invisiveis-que-ecoa-na-historia-por-mellanie-fontes-dutra-e-ana-de-medeiros-arnt\/\" class=\"home-blog-btn\">Ler mais<\/a><\/p>\n","protected":false},"author":1,"featured_media":0,"comment_status":"open","ping_status":"open","sticky":false,"template":"","format":"standard","meta":{"_jetpack_memberships_contains_paid_content":false,"footnotes":"","jetpack_publicize_message":"","jetpack_publicize_feature_enabled":true,"jetpack_social_post_already_shared":true,"jetpack_social_options":{"image_generator_settings":{"template":"highway","default_image_id":0,"font":"","enabled":false},"version":2}},"categories":[21],"tags":[1689],"class_list":["post-23877","post","type-post","status-publish","format-standard","hentry","category-informeci","tag-mulheresnaciencia"],"jetpack_publicize_connections":[],"jetpack_featured_media_url":"","views":"","jetpack_sharing_enabled":true,"_links":{"self":[{"href":"https:\/\/www.pedroandretta.info\/index\/wp-json\/wp\/v2\/posts\/23877","targetHints":{"allow":["GET"]}}],"collection":[{"href":"https:\/\/www.pedroandretta.info\/index\/wp-json\/wp\/v2\/posts"}],"about":[{"href":"https:\/\/www.pedroandretta.info\/index\/wp-json\/wp\/v2\/types\/post"}],"author":[{"embeddable":true,"href":"https:\/\/www.pedroandretta.info\/index\/wp-json\/wp\/v2\/users\/1"}],"replies":[{"embeddable":true,"href":"https:\/\/www.pedroandretta.info\/index\/wp-json\/wp\/v2\/comments?post=23877"}],"version-history":[{"count":0,"href":"https:\/\/www.pedroandretta.info\/index\/wp-json\/wp\/v2\/posts\/23877\/revisions"}],"wp:attachment":[{"href":"https:\/\/www.pedroandretta.info\/index\/wp-json\/wp\/v2\/media?parent=23877"}],"wp:term":[{"taxonomy":"category","embeddable":true,"href":"https:\/\/www.pedroandretta.info\/index\/wp-json\/wp\/v2\/categories?post=23877"},{"taxonomy":"post_tag","embeddable":true,"href":"https:\/\/www.pedroandretta.info\/index\/wp-json\/wp\/v2\/tags?post=23877"}],"curies":[{"name":"wp","href":"https:\/\/api.w.org\/{rel}","templated":true}]}}