{"id":23904,"date":"2024-02-29T10:19:46","date_gmt":"2024-02-29T14:19:46","guid":{"rendered":"https:\/\/www.pedroandretta.info\/index\/?p=23904"},"modified":"2024-02-29T10:19:51","modified_gmt":"2024-02-29T14:19:51","slug":"o-8m-visto-do-campo","status":"publish","type":"post","link":"https:\/\/www.pedroandretta.info\/index\/2024\/02\/o-8m-visto-do-campo\/","title":{"rendered":"O 8M visto do campo"},"content":{"rendered":"\n<p><strong>O 8M visto do campo<\/strong><\/p>\n\n\n\n<p>O 8M (Dia Internacional da Mulher) aproxima-se e parece que \u00e9 inevit\u00e1vel questionar ou pelo menos rever a necessidade de voltar a celebrar este dia t\u00e3o exigente. Para alguns, mas especialmente para aqueles homens amea\u00e7ados pelo feminismo, n\u00e3o faz sentido, pois \u2013 segundo eles \u2013 j\u00e1 temos todos os direitos adquiridos e at\u00e9 em detrimento dos seus pr\u00f3prios.<\/p>\n\n\n\n<p>via COMeIN<\/p>\n\n\n\n<p>#DiaInternacionalDaMulher<\/p>\n\n\n\n<p>Dispon\u00edvel em: <a href=\"https:\/\/www.uoc.edu\/divulgacio\/comein\/es\/numero141\/articles\/s-sanz-el-8m-vist-des-del-camp.html\">https:\/\/www.uoc.edu\/divulgacio\/comein\/es\/numero141\/articles\/s-sanz-el-8m-vist-des-del-camp.html<\/a><\/p>\n","protected":false},"excerpt":{"rendered":"<p>O 8M visto do campo O 8M (Dia Internacional da Mulher) aproxima-se e parece que \u00e9 inevit\u00e1vel questionar ou pelo menos rever a necessidade de voltar a celebrar este dia t\u00e3o exigente. Para alguns, mas especialmente para aqueles homens amea\u00e7ados pelo feminismo, n\u00e3o faz sentido, pois \u2013 segundo eles \u2013 j\u00e1 temos todos os direitos<\/p><\/div>\n<div class=\"blog-btn\"><a href=\"https:\/\/www.pedroandretta.info\/index\/2024\/02\/o-8m-visto-do-campo\/\" class=\"home-blog-btn\">Ler mais<\/a><\/p>\n","protected":false},"author":1,"featured_media":0,"comment_status":"open","ping_status":"open","sticky":false,"template":"","format":"standard","meta":{"_jetpack_memberships_contains_paid_content":false,"footnotes":"","jetpack_publicize_message":"","jetpack_publicize_feature_enabled":true,"jetpack_social_post_already_shared":true,"jetpack_social_options":{"image_generator_settings":{"template":"highway","default_image_id":0,"font":"","enabled":false},"version":2}},"categories":[21],"tags":[563],"class_list":["post-23904","post","type-post","status-publish","format-standard","hentry","category-informeci","tag-diainternacionaldamulher"],"jetpack_publicize_connections":[],"jetpack_featured_media_url":"","views":"","jetpack_sharing_enabled":true,"_links":{"self":[{"href":"https:\/\/www.pedroandretta.info\/index\/wp-json\/wp\/v2\/posts\/23904","targetHints":{"allow":["GET"]}}],"collection":[{"href":"https:\/\/www.pedroandretta.info\/index\/wp-json\/wp\/v2\/posts"}],"about":[{"href":"https:\/\/www.pedroandretta.info\/index\/wp-json\/wp\/v2\/types\/post"}],"author":[{"embeddable":true,"href":"https:\/\/www.pedroandretta.info\/index\/wp-json\/wp\/v2\/users\/1"}],"replies":[{"embeddable":true,"href":"https:\/\/www.pedroandretta.info\/index\/wp-json\/wp\/v2\/comments?post=23904"}],"version-history":[{"count":0,"href":"https:\/\/www.pedroandretta.info\/index\/wp-json\/wp\/v2\/posts\/23904\/revisions"}],"wp:attachment":[{"href":"https:\/\/www.pedroandretta.info\/index\/wp-json\/wp\/v2\/media?parent=23904"}],"wp:term":[{"taxonomy":"category","embeddable":true,"href":"https:\/\/www.pedroandretta.info\/index\/wp-json\/wp\/v2\/categories?post=23904"},{"taxonomy":"post_tag","embeddable":true,"href":"https:\/\/www.pedroandretta.info\/index\/wp-json\/wp\/v2\/tags?post=23904"}],"curies":[{"name":"wp","href":"https:\/\/api.w.org\/{rel}","templated":true}]}}