{"id":24008,"date":"2024-03-08T01:22:49","date_gmt":"2024-03-08T05:22:49","guid":{"rendered":"https:\/\/www.pedroandretta.info\/index\/?p=24008"},"modified":"2024-06-09T13:49:06","modified_gmt":"2024-06-09T17:49:06","slug":"a-profissao-jornalistica-com-o-surgimento-da-inteligencia-artificial-diagnostico-desafios-e-solucoes-aplicadas-ao-jornalismo","status":"publish","type":"post","link":"https:\/\/www.pedroandretta.info\/index\/2024\/03\/a-profissao-jornalistica-com-o-surgimento-da-inteligencia-artificial-diagnostico-desafios-e-solucoes-aplicadas-ao-jornalismo\/","title":{"rendered":"A profiss\u00e3o jornal\u00edstica com o surgimento da intelig\u00eancia artificial: Diagn\u00f3stico, desafios e solu\u00e7\u00f5es aplicadas ao jornalismo"},"content":{"rendered":"\n<p><strong>A profiss\u00e3o jornal\u00edstica com o surgimento da intelig\u00eancia artificial: Diagn\u00f3stico, desafios e solu\u00e7\u00f5es aplicadas ao jornalismo<\/strong><\/p>\n\n\n\n<p>Com o objetivo de analisar a nova realidade social que surgiu com a introdu\u00e7\u00e3o da intelig\u00eancia artificial na profiss\u00e3o jornal\u00edstica, este trabalho de investiga\u00e7\u00e3o prop\u00f5e-se analisar e discutir as suas potencialidades, lacunas e desafios.<\/p>\n\n\n\n<p>#Jornalismo #IA<\/p>\n\n\n\n<p>Dispon\u00edvel em: <a href=\"https:\/\/openaccess.uoc.edu\/handle\/10609\/149930\">https:\/\/openaccess.uoc.edu\/handle\/10609\/149930<\/a><\/p>\n\n\n\n<figure class=\"wp-block-image size-full\"><img data-recalc-dims=\"1\" decoding=\"async\" width=\"390\" height=\"455\" src=\"https:\/\/i0.wp.com\/www.pedroandretta.info\/index\/wp-content\/uploads\/2024\/03\/image-22.png?resize=390%2C455&#038;ssl=1\" alt=\"\" class=\"wp-image-24009\" srcset=\"https:\/\/i0.wp.com\/www.pedroandretta.info\/index\/wp-content\/uploads\/2024\/03\/image-22.png?w=390&amp;ssl=1 390w, https:\/\/i0.wp.com\/www.pedroandretta.info\/index\/wp-content\/uploads\/2024\/03\/image-22.png?resize=257%2C300&amp;ssl=1 257w\" sizes=\"(max-width: 390px) 100vw, 390px\" \/><\/figure>\n","protected":false},"excerpt":{"rendered":"<p>A profiss\u00e3o jornal\u00edstica com o surgimento da intelig\u00eancia artificial: Diagn\u00f3stico, desafios e solu\u00e7\u00f5es aplicadas ao jornalismo Com o objetivo de analisar a nova realidade social que surgiu com a introdu\u00e7\u00e3o da intelig\u00eancia artificial na profiss\u00e3o jornal\u00edstica, este trabalho de investiga\u00e7\u00e3o prop\u00f5e-se analisar e discutir as suas potencialidades, lacunas e desafios. #Jornalismo #IA Dispon\u00edvel em: https:\/\/openaccess.uoc.edu\/handle\/10609\/149930<\/p>\n","protected":false},"author":1,"featured_media":0,"comment_status":"open","ping_status":"open","sticky":false,"template":"","format":"standard","meta":{"_jetpack_memberships_contains_paid_content":false,"footnotes":"","jetpack_publicize_message":"","jetpack_publicize_feature_enabled":true,"jetpack_social_post_already_shared":true,"jetpack_social_options":{"image_generator_settings":{"template":"highway","default_image_id":0,"font":"","enabled":false},"version":2}},"categories":[21],"tags":[1994,723],"class_list":["post-24008","post","type-post","status-publish","format-standard","hentry","category-informeci","tag-inteligenciaartificial","tag-jornalismo"],"jetpack_publicize_connections":[],"jetpack_featured_media_url":"","views":"","jetpack_sharing_enabled":true,"_links":{"self":[{"href":"https:\/\/www.pedroandretta.info\/index\/wp-json\/wp\/v2\/posts\/24008","targetHints":{"allow":["GET"]}}],"collection":[{"href":"https:\/\/www.pedroandretta.info\/index\/wp-json\/wp\/v2\/posts"}],"about":[{"href":"https:\/\/www.pedroandretta.info\/index\/wp-json\/wp\/v2\/types\/post"}],"author":[{"embeddable":true,"href":"https:\/\/www.pedroandretta.info\/index\/wp-json\/wp\/v2\/users\/1"}],"replies":[{"embeddable":true,"href":"https:\/\/www.pedroandretta.info\/index\/wp-json\/wp\/v2\/comments?post=24008"}],"version-history":[{"count":0,"href":"https:\/\/www.pedroandretta.info\/index\/wp-json\/wp\/v2\/posts\/24008\/revisions"}],"wp:attachment":[{"href":"https:\/\/www.pedroandretta.info\/index\/wp-json\/wp\/v2\/media?parent=24008"}],"wp:term":[{"taxonomy":"category","embeddable":true,"href":"https:\/\/www.pedroandretta.info\/index\/wp-json\/wp\/v2\/categories?post=24008"},{"taxonomy":"post_tag","embeddable":true,"href":"https:\/\/www.pedroandretta.info\/index\/wp-json\/wp\/v2\/tags?post=24008"}],"curies":[{"name":"wp","href":"https:\/\/api.w.org\/{rel}","templated":true}]}}