{"id":24052,"date":"2024-03-10T23:48:03","date_gmt":"2024-03-11T03:48:03","guid":{"rendered":"https:\/\/www.pedroandretta.info\/index\/?p=24052"},"modified":"2024-03-10T23:48:28","modified_gmt":"2024-03-11T03:48:28","slug":"uma-analise-sobre-os-usos-do-conceito-de-memoria-na-ciencia-da-informacao-brasileira","status":"publish","type":"post","link":"https:\/\/www.pedroandretta.info\/index\/2024\/03\/uma-analise-sobre-os-usos-do-conceito-de-memoria-na-ciencia-da-informacao-brasileira\/","title":{"rendered":"Uma An\u00e1lise sobre os usos do conceito de mem\u00f3ria na Ci\u00eancia da Informa\u00e7\u00e3o brasileira"},"content":{"rendered":"\n<p><strong>Uma An\u00e1lise sobre os usos do conceito de mem\u00f3ria na Ci\u00eancia da Informa\u00e7\u00e3o brasileira<\/strong><\/p>\n\n\n\n<p>A quantidade de artigos sobre mem\u00f3ria tem permanecido em crescimento nos \u00faltimos cinco anos levando em conta o mesmo per\u00edodo anterior ao analisado, ratificando a frequ\u00eancia crescente da tem\u00e1tica, contribuindo para o avan\u00e7o de discuss\u00f5es te\u00f3rico-conceituais no dom\u00ednio da Ci\u00eancia da Informa\u00e7\u00e3o no Brasil, bem como no que concerne \u00e0s pr\u00e1ticas profissionais.<\/p>\n\n\n\n<p>#Mem\u00f3ria<\/p>\n\n\n\n<p>Dispon\u00edvel em: <a href=\"https:\/\/periodicos.ufpb.br\/index.php\/ies\/article\/view\/67815\">https:\/\/periodicos.ufpb.br\/index.php\/ies\/article\/view\/67815<\/a><\/p>\n\n\n\n<figure class=\"wp-block-image size-full\"><img data-recalc-dims=\"1\" decoding=\"async\" width=\"381\" height=\"560\" src=\"https:\/\/i0.wp.com\/www.pedroandretta.info\/index\/wp-content\/uploads\/2024\/03\/image-31.png?resize=381%2C560&#038;ssl=1\" alt=\"\" class=\"wp-image-24053\" srcset=\"https:\/\/i0.wp.com\/www.pedroandretta.info\/index\/wp-content\/uploads\/2024\/03\/image-31.png?w=381&amp;ssl=1 381w, https:\/\/i0.wp.com\/www.pedroandretta.info\/index\/wp-content\/uploads\/2024\/03\/image-31.png?resize=204%2C300&amp;ssl=1 204w\" sizes=\"(max-width: 381px) 100vw, 381px\" \/><\/figure>\n","protected":false},"excerpt":{"rendered":"<p>Uma An\u00e1lise sobre os usos do conceito de mem\u00f3ria na Ci\u00eancia da Informa\u00e7\u00e3o brasileira A quantidade de artigos sobre mem\u00f3ria tem permanecido em crescimento nos \u00faltimos cinco anos levando em conta o mesmo per\u00edodo anterior ao analisado, ratificando a frequ\u00eancia crescente da tem\u00e1tica, contribuindo para o avan\u00e7o de discuss\u00f5es te\u00f3rico-conceituais no dom\u00ednio da Ci\u00eancia da<\/p><\/div>\n<div class=\"blog-btn\"><a href=\"https:\/\/www.pedroandretta.info\/index\/2024\/03\/uma-analise-sobre-os-usos-do-conceito-de-memoria-na-ciencia-da-informacao-brasileira\/\" class=\"home-blog-btn\">Ler mais<\/a><\/p>\n","protected":false},"author":1,"featured_media":0,"comment_status":"open","ping_status":"open","sticky":false,"template":"","format":"standard","meta":{"_jetpack_newsletter_access":"","_jetpack_dont_email_post_to_subs":false,"_jetpack_newsletter_tier_id":0,"_jetpack_memberships_contains_paywalled_content":false,"_jetpack_feature_clip_id":0,"_jetpack_memberships_contains_paid_content":false,"footnotes":"","jetpack_publicize_message":"","jetpack_publicize_feature_enabled":true,"jetpack_social_post_already_shared":true,"jetpack_social_options":{"image_generator_settings":{"template":"highway","default_image_id":0,"font":"","enabled":false},"version":2},"jetpack_post_was_ever_published":false},"categories":[21],"tags":[430],"class_list":["post-24052","post","type-post","status-publish","format-standard","hentry","category-informeci","tag-memoria"],"jetpack_publicize_connections":[],"jetpack_featured_media_url":"","views":"","jetpack_sharing_enabled":true,"_links":{"self":[{"href":"https:\/\/www.pedroandretta.info\/index\/wp-json\/wp\/v2\/posts\/24052","targetHints":{"allow":["GET"]}}],"collection":[{"href":"https:\/\/www.pedroandretta.info\/index\/wp-json\/wp\/v2\/posts"}],"about":[{"href":"https:\/\/www.pedroandretta.info\/index\/wp-json\/wp\/v2\/types\/post"}],"author":[{"embeddable":true,"href":"https:\/\/www.pedroandretta.info\/index\/wp-json\/wp\/v2\/users\/1"}],"replies":[{"embeddable":true,"href":"https:\/\/www.pedroandretta.info\/index\/wp-json\/wp\/v2\/comments?post=24052"}],"version-history":[{"count":0,"href":"https:\/\/www.pedroandretta.info\/index\/wp-json\/wp\/v2\/posts\/24052\/revisions"}],"wp:attachment":[{"href":"https:\/\/www.pedroandretta.info\/index\/wp-json\/wp\/v2\/media?parent=24052"}],"wp:term":[{"taxonomy":"category","embeddable":true,"href":"https:\/\/www.pedroandretta.info\/index\/wp-json\/wp\/v2\/categories?post=24052"},{"taxonomy":"post_tag","embeddable":true,"href":"https:\/\/www.pedroandretta.info\/index\/wp-json\/wp\/v2\/tags?post=24052"}],"curies":[{"name":"wp","href":"https:\/\/api.w.org\/{rel}","templated":true}]}}