{"id":24058,"date":"2024-03-12T12:43:34","date_gmt":"2024-03-12T16:43:34","guid":{"rendered":"https:\/\/www.pedroandretta.info\/index\/?p=24058"},"modified":"2024-03-12T12:43:38","modified_gmt":"2024-03-12T16:43:38","slug":"os-desafios-do-sistema-de-pos-graduacao-para-formar-pesquisadores","status":"publish","type":"post","link":"https:\/\/www.pedroandretta.info\/index\/2024\/03\/os-desafios-do-sistema-de-pos-graduacao-para-formar-pesquisadores\/","title":{"rendered":"Os desafios do sistema de p\u00f3s-gradua\u00e7\u00e3o para formar pesquisadores"},"content":{"rendered":"\n<p><strong>Os desafios do sistema de p\u00f3s-gradua\u00e7\u00e3o para formar pesquisadores<\/strong><\/p>\n\n\n\n<p>Outro fator que compromete a atratividade da p\u00f3s-gradua\u00e7\u00e3o no pa\u00eds \u00e9 o longo tempo de forma\u00e7\u00e3o, que chega a 15 anos, da gradua\u00e7\u00e3o at\u00e9 o doutorado. \u201cUm jovem doutor se forma no Brasil com 37 ou 38 anos, faz dois anos de p\u00f3s-doc e entra no mercado de trabalho aos 40 anos de idade, pelo menos 10 anos mais tarde do que acontece em outros pa\u00edses\u201d, explicou.<\/p>\n\n\n\n<p>via Revista Pesquisa Fapesp<\/p>\n\n\n\n<p>#Ci\u00eanciaBrasileira #P\u00f3sGradua\u00e7\u00e3o<\/p>\n\n\n\n<p>Dispon\u00edvel em: <a href=\"https:\/\/revistapesquisa.fapesp.br\/os-desafios-do-sistema-de-pos-graduacao-para-formar-pesquisadores\/\">https:\/\/revistapesquisa.fapesp.br\/os-desafios-do-sistema-de-pos-graduacao-para-formar-pesquisadores\/<\/a><\/p>\n","protected":false},"excerpt":{"rendered":"<p>Os desafios do sistema de p\u00f3s-gradua\u00e7\u00e3o para formar pesquisadores Outro fator que compromete a atratividade da p\u00f3s-gradua\u00e7\u00e3o no pa\u00eds \u00e9 o longo tempo de forma\u00e7\u00e3o, que chega a 15 anos, da gradua\u00e7\u00e3o at\u00e9 o doutorado. \u201cUm jovem doutor se forma no Brasil com 37 ou 38 anos, faz dois anos de p\u00f3s-doc e entra no<\/p><\/div>\n<div class=\"blog-btn\"><a href=\"https:\/\/www.pedroandretta.info\/index\/2024\/03\/os-desafios-do-sistema-de-pos-graduacao-para-formar-pesquisadores\/\" class=\"home-blog-btn\">Ler mais<\/a><\/p>\n","protected":false},"author":1,"featured_media":0,"comment_status":"open","ping_status":"open","sticky":false,"template":"","format":"standard","meta":{"_jetpack_memberships_contains_paid_content":false,"footnotes":"","jetpack_publicize_message":"","jetpack_publicize_feature_enabled":true,"jetpack_social_post_already_shared":true,"jetpack_social_options":{"image_generator_settings":{"template":"highway","default_image_id":0,"font":"","enabled":false},"version":2}},"categories":[21],"tags":[2422,1192],"class_list":["post-24058","post","type-post","status-publish","format-standard","hentry","category-informeci","tag-cienciabrasileira","tag-posgraduacao"],"jetpack_publicize_connections":[],"jetpack_featured_media_url":"","views":"","jetpack_sharing_enabled":true,"_links":{"self":[{"href":"https:\/\/www.pedroandretta.info\/index\/wp-json\/wp\/v2\/posts\/24058","targetHints":{"allow":["GET"]}}],"collection":[{"href":"https:\/\/www.pedroandretta.info\/index\/wp-json\/wp\/v2\/posts"}],"about":[{"href":"https:\/\/www.pedroandretta.info\/index\/wp-json\/wp\/v2\/types\/post"}],"author":[{"embeddable":true,"href":"https:\/\/www.pedroandretta.info\/index\/wp-json\/wp\/v2\/users\/1"}],"replies":[{"embeddable":true,"href":"https:\/\/www.pedroandretta.info\/index\/wp-json\/wp\/v2\/comments?post=24058"}],"version-history":[{"count":0,"href":"https:\/\/www.pedroandretta.info\/index\/wp-json\/wp\/v2\/posts\/24058\/revisions"}],"wp:attachment":[{"href":"https:\/\/www.pedroandretta.info\/index\/wp-json\/wp\/v2\/media?parent=24058"}],"wp:term":[{"taxonomy":"category","embeddable":true,"href":"https:\/\/www.pedroandretta.info\/index\/wp-json\/wp\/v2\/categories?post=24058"},{"taxonomy":"post_tag","embeddable":true,"href":"https:\/\/www.pedroandretta.info\/index\/wp-json\/wp\/v2\/tags?post=24058"}],"curies":[{"name":"wp","href":"https:\/\/api.w.org\/{rel}","templated":true}]}}