{"id":24067,"date":"2024-03-12T12:52:22","date_gmt":"2024-03-12T16:52:22","guid":{"rendered":"https:\/\/www.pedroandretta.info\/index\/?p=24067"},"modified":"2024-07-30T17:04:17","modified_gmt":"2024-07-30T21:04:17","slug":"o-lugar-do-primeiro-curso-de-biblioteconomia-do-brasil","status":"publish","type":"post","link":"https:\/\/www.pedroandretta.info\/index\/2024\/03\/o-lugar-do-primeiro-curso-de-biblioteconomia-do-brasil\/","title":{"rendered":"O lugar do primeiro curso de Biblioteconomia do Brasil \/ Biblioteca Nacional"},"content":{"rendered":"\n<p><strong>O lugar do primeiro curso de Biblioteconomia do Brasil<\/strong><\/p>\n\n\n\n<p>Recentemente foram identificadas as plantas baixas da Biblioteca Nacional, entre as quais a que ilustra essa publica\u00e7\u00e3o, produzidas na d\u00e9cada de 1950 que se tornam fortes ind\u00edcios, capazes de esclarecer sobre localiza\u00e7\u00e3o do Curso de Biblioteconomia e suas depend\u00eancias. Por meio destas plantas \u00e9 poss\u00edvel identificar que o curso est\u00e1 localizado no andar t\u00e9rreo, tamb\u00e9m chamado de por\u00e3o naquele per\u00edodo e que hoje \u00e9 ocupado pelo espa\u00e7o cultural Eliseu Visconti e o audit\u00f3rio Machado de Assis.<\/p>\n\n\n\n<p>#EnsinoDeBiblioteconomia #Hist\u00f3riaDaBiblioteconomia<\/p>\n\n\n\n<p>via Biblioteca Nacional<\/p>\n\n\n\n<p>Dispon\u00edvel em: <a href=\"https:\/\/www.gov.br\/bn\/pt-br\/central-de-conteudos\/noticias\/o-lugar-do-primeiro-curso-de-biblioteconomia-do-brasil-1\">https:\/\/www.gov.br\/bn\/pt-br\/central-de-conteudos\/noticias\/o-lugar-do-primeiro-curso-de-biblioteconomia-do-brasil-1<\/a><\/p>\n\n\n\n<figure class=\"wp-block-image size-large\"><img data-recalc-dims=\"1\" decoding=\"async\" width=\"600\" height=\"440\" src=\"https:\/\/i0.wp.com\/www.pedroandretta.info\/index\/wp-content\/uploads\/2024\/03\/image-36.png?resize=600%2C440&#038;ssl=1\" alt=\"\" class=\"wp-image-24068\" srcset=\"https:\/\/i0.wp.com\/www.pedroandretta.info\/index\/wp-content\/uploads\/2024\/03\/image-36.png?resize=600%2C440&amp;ssl=1 600w, https:\/\/i0.wp.com\/www.pedroandretta.info\/index\/wp-content\/uploads\/2024\/03\/image-36.png?resize=300%2C220&amp;ssl=1 300w, https:\/\/i0.wp.com\/www.pedroandretta.info\/index\/wp-content\/uploads\/2024\/03\/image-36.png?w=768&amp;ssl=1 768w\" sizes=\"(max-width: 600px) 100vw, 600px\" \/><\/figure>\n","protected":false},"excerpt":{"rendered":"<p>O lugar do primeiro curso de Biblioteconomia do Brasil Recentemente foram identificadas as plantas baixas da Biblioteca Nacional, entre as quais a que ilustra essa publica\u00e7\u00e3o, produzidas na d\u00e9cada de 1950 que se tornam fortes ind\u00edcios, capazes de esclarecer sobre localiza\u00e7\u00e3o do Curso de Biblioteconomia e suas depend\u00eancias. Por meio destas plantas \u00e9 poss\u00edvel identificar<\/p><\/div>\n<div class=\"blog-btn\"><a href=\"https:\/\/www.pedroandretta.info\/index\/2024\/03\/o-lugar-do-primeiro-curso-de-biblioteconomia-do-brasil\/\" class=\"home-blog-btn\">Ler mais<\/a><\/p>\n","protected":false},"author":1,"featured_media":0,"comment_status":"open","ping_status":"open","sticky":false,"template":"","format":"standard","meta":{"_jetpack_memberships_contains_paid_content":false,"footnotes":"","jetpack_publicize_message":"","jetpack_publicize_feature_enabled":true,"jetpack_social_post_already_shared":true,"jetpack_social_options":{"image_generator_settings":{"template":"highway","default_image_id":0,"font":"","enabled":false},"version":2}},"categories":[21],"tags":[1589,1330],"class_list":["post-24067","post","type-post","status-publish","format-standard","hentry","category-informeci","tag-ensinodebiblioteconomia","tag-historiadabiblioteconomia"],"jetpack_publicize_connections":[],"jetpack_featured_media_url":"","views":"","jetpack_sharing_enabled":true,"_links":{"self":[{"href":"https:\/\/www.pedroandretta.info\/index\/wp-json\/wp\/v2\/posts\/24067","targetHints":{"allow":["GET"]}}],"collection":[{"href":"https:\/\/www.pedroandretta.info\/index\/wp-json\/wp\/v2\/posts"}],"about":[{"href":"https:\/\/www.pedroandretta.info\/index\/wp-json\/wp\/v2\/types\/post"}],"author":[{"embeddable":true,"href":"https:\/\/www.pedroandretta.info\/index\/wp-json\/wp\/v2\/users\/1"}],"replies":[{"embeddable":true,"href":"https:\/\/www.pedroandretta.info\/index\/wp-json\/wp\/v2\/comments?post=24067"}],"version-history":[{"count":0,"href":"https:\/\/www.pedroandretta.info\/index\/wp-json\/wp\/v2\/posts\/24067\/revisions"}],"wp:attachment":[{"href":"https:\/\/www.pedroandretta.info\/index\/wp-json\/wp\/v2\/media?parent=24067"}],"wp:term":[{"taxonomy":"category","embeddable":true,"href":"https:\/\/www.pedroandretta.info\/index\/wp-json\/wp\/v2\/categories?post=24067"},{"taxonomy":"post_tag","embeddable":true,"href":"https:\/\/www.pedroandretta.info\/index\/wp-json\/wp\/v2\/tags?post=24067"}],"curies":[{"name":"wp","href":"https:\/\/api.w.org\/{rel}","templated":true}]}}