{"id":24088,"date":"2024-03-13T20:34:01","date_gmt":"2024-03-14T00:34:01","guid":{"rendered":"https:\/\/www.pedroandretta.info\/index\/?p=24088"},"modified":"2024-03-13T20:34:07","modified_gmt":"2024-03-14T00:34:07","slug":"representacao-do-conhecimento-sobre-arquivos-deslocados","status":"publish","type":"post","link":"https:\/\/www.pedroandretta.info\/index\/2024\/03\/representacao-do-conhecimento-sobre-arquivos-deslocados\/","title":{"rendered":"Representa\u00e7\u00e3o do conhecimento sobre arquivos deslocados"},"content":{"rendered":"\n<p><strong>Representa\u00e7\u00e3o do conhecimento sobre arquivos deslocados<\/strong><\/p>\n\n\n\n<p>O artigo aborda a quest\u00e3o dos arquivos deslocados, que s\u00e3o conjuntos documentais removidos dos seus contextos sociais e territoriais origin\u00e1rios, gerando reivindica\u00e7\u00f5es pela sua restitui\u00e7\u00e3o. Essa quest\u00e3o envolve n\u00e3o apenas a posse, mas tamb\u00e9m a representa\u00e7\u00e3o do conhecimento sobre esses conjuntos documentais.<\/p>\n\n\n\n<p>#ArquivosDeslocados #Arquivos<\/p>\n\n\n\n<p>Dispon\u00edvel em: <a href=\"https:\/\/periodicos.ufmg.br\/index.php\/fronteiras-rc\/article\/view\/48601\">https:\/\/periodicos.ufmg.br\/index.php\/fronteiras-rc\/article\/view\/48601<\/a><\/p>\n\n\n\n<figure class=\"wp-block-image size-full\"><img data-recalc-dims=\"1\" decoding=\"async\" width=\"300\" height=\"439\" src=\"https:\/\/i0.wp.com\/www.pedroandretta.info\/index\/wp-content\/uploads\/2024\/03\/image-41.png?resize=300%2C439&#038;ssl=1\" alt=\"\" class=\"wp-image-24089\" srcset=\"https:\/\/i0.wp.com\/www.pedroandretta.info\/index\/wp-content\/uploads\/2024\/03\/image-41.png?w=300&amp;ssl=1 300w, https:\/\/i0.wp.com\/www.pedroandretta.info\/index\/wp-content\/uploads\/2024\/03\/image-41.png?resize=205%2C300&amp;ssl=1 205w\" sizes=\"(max-width: 300px) 100vw, 300px\" \/><\/figure>\n","protected":false},"excerpt":{"rendered":"<p>Representa\u00e7\u00e3o do conhecimento sobre arquivos deslocados O artigo aborda a quest\u00e3o dos arquivos deslocados, que s\u00e3o conjuntos documentais removidos dos seus contextos sociais e territoriais origin\u00e1rios, gerando reivindica\u00e7\u00f5es pela sua restitui\u00e7\u00e3o. Essa quest\u00e3o envolve n\u00e3o apenas a posse, mas tamb\u00e9m a representa\u00e7\u00e3o do conhecimento sobre esses conjuntos documentais. #ArquivosDeslocados #Arquivos Dispon\u00edvel em: https:\/\/periodicos.ufmg.br\/index.php\/fronteiras-rc\/article\/view\/48601<\/p>\n","protected":false},"author":1,"featured_media":0,"comment_status":"open","ping_status":"open","sticky":false,"template":"","format":"standard","meta":{"_jetpack_newsletter_access":"","_jetpack_dont_email_post_to_subs":false,"_jetpack_newsletter_tier_id":0,"_jetpack_memberships_contains_paywalled_content":false,"_jetpack_feature_clip_id":0,"_jetpack_memberships_contains_paid_content":false,"footnotes":"","jetpack_publicize_message":"","jetpack_publicize_feature_enabled":true,"jetpack_social_post_already_shared":true,"jetpack_social_options":{"image_generator_settings":{"template":"highway","default_image_id":0,"font":"","enabled":false},"version":2},"jetpack_post_was_ever_published":false},"categories":[21],"tags":[72,3672],"class_list":["post-24088","post","type-post","status-publish","format-standard","hentry","category-informeci","tag-arquivos","tag-arquivosdeslocados"],"jetpack_publicize_connections":[],"jetpack_featured_media_url":"","views":"","jetpack_sharing_enabled":true,"_links":{"self":[{"href":"https:\/\/www.pedroandretta.info\/index\/wp-json\/wp\/v2\/posts\/24088","targetHints":{"allow":["GET"]}}],"collection":[{"href":"https:\/\/www.pedroandretta.info\/index\/wp-json\/wp\/v2\/posts"}],"about":[{"href":"https:\/\/www.pedroandretta.info\/index\/wp-json\/wp\/v2\/types\/post"}],"author":[{"embeddable":true,"href":"https:\/\/www.pedroandretta.info\/index\/wp-json\/wp\/v2\/users\/1"}],"replies":[{"embeddable":true,"href":"https:\/\/www.pedroandretta.info\/index\/wp-json\/wp\/v2\/comments?post=24088"}],"version-history":[{"count":0,"href":"https:\/\/www.pedroandretta.info\/index\/wp-json\/wp\/v2\/posts\/24088\/revisions"}],"wp:attachment":[{"href":"https:\/\/www.pedroandretta.info\/index\/wp-json\/wp\/v2\/media?parent=24088"}],"wp:term":[{"taxonomy":"category","embeddable":true,"href":"https:\/\/www.pedroandretta.info\/index\/wp-json\/wp\/v2\/categories?post=24088"},{"taxonomy":"post_tag","embeddable":true,"href":"https:\/\/www.pedroandretta.info\/index\/wp-json\/wp\/v2\/tags?post=24088"}],"curies":[{"name":"wp","href":"https:\/\/api.w.org\/{rel}","templated":true}]}}