{"id":24143,"date":"2024-03-18T09:43:51","date_gmt":"2024-03-18T13:43:51","guid":{"rendered":"https:\/\/www.pedroandretta.info\/index\/?p=24143"},"modified":"2024-03-18T09:43:55","modified_gmt":"2024-03-18T13:43:55","slug":"os-manifestos-da-unesco-sobre-a-biblioteca-publica-1972-2022","status":"publish","type":"post","link":"https:\/\/www.pedroandretta.info\/index\/2024\/03\/os-manifestos-da-unesco-sobre-a-biblioteca-publica-1972-2022\/","title":{"rendered":"Os Manifestos da UNESCO sobre a biblioteca p\u00fablica, 1972-2022"},"content":{"rendered":"\n<p><strong>Os Manifestos da UNESCO sobre a biblioteca p\u00fablica, 1972-2022<\/strong><\/p>\n\n\n\n<p>O Manifesto IFLA\/UNESCO 2022 \u00e9 provavelmente um texto de transi\u00e7\u00e3o. Na articula\u00e7\u00e3o das miss\u00f5es para a biblioteca p\u00fablica contida no Manifesto h\u00e1 uma tens\u00e3o subjacente do futuro numa aten\u00e7\u00e3o preocupada ao presente. \u00c9 uma das mensagens mais significativas, que talvez pudesse ter sido tornada mais clara e intensa com uma integra\u00e7\u00e3o mais estreita entre as diferentes miss\u00f5es da biblioteca p\u00fablica e uma integra\u00e7\u00e3o mais forte da rica tradi\u00e7\u00e3o da UNESCO em pol\u00edticas educativas, patrim\u00f4nio cultural, di\u00e1logo intercultural, desenvolvimento Humano.<\/p>\n\n\n\n<p>#BibliotecasP\u00fablicas<\/p>\n\n\n\n<p>Dispon\u00edvel em: <a href=\"https:\/\/aibstudi.aib.it\/article\/view\/14011\">https:\/\/aibstudi.aib.it\/article\/view\/14011<\/a><\/p>\n\n\n\n<figure class=\"wp-block-image size-full\"><img data-recalc-dims=\"1\" decoding=\"async\" width=\"301\" height=\"503\" src=\"https:\/\/i0.wp.com\/www.pedroandretta.info\/index\/wp-content\/uploads\/2024\/03\/image-52.png?resize=301%2C503&#038;ssl=1\" alt=\"\" class=\"wp-image-24144\" srcset=\"https:\/\/i0.wp.com\/www.pedroandretta.info\/index\/wp-content\/uploads\/2024\/03\/image-52.png?w=301&amp;ssl=1 301w, https:\/\/i0.wp.com\/www.pedroandretta.info\/index\/wp-content\/uploads\/2024\/03\/image-52.png?resize=180%2C300&amp;ssl=1 180w\" sizes=\"(max-width: 301px) 100vw, 301px\" \/><\/figure>\n","protected":false},"excerpt":{"rendered":"<p>Os Manifestos da UNESCO sobre a biblioteca p\u00fablica, 1972-2022 O Manifesto IFLA\/UNESCO 2022 \u00e9 provavelmente um texto de transi\u00e7\u00e3o. Na articula\u00e7\u00e3o das miss\u00f5es para a biblioteca p\u00fablica contida no Manifesto h\u00e1 uma tens\u00e3o subjacente do futuro numa aten\u00e7\u00e3o preocupada ao presente. \u00c9 uma das mensagens mais significativas, que talvez pudesse ter sido tornada mais clara<\/p><\/div>\n<div class=\"blog-btn\"><a href=\"https:\/\/www.pedroandretta.info\/index\/2024\/03\/os-manifestos-da-unesco-sobre-a-biblioteca-publica-1972-2022\/\" class=\"home-blog-btn\">Ler mais<\/a><\/p>\n","protected":false},"author":1,"featured_media":0,"comment_status":"open","ping_status":"open","sticky":false,"template":"","format":"standard","meta":{"_jetpack_memberships_contains_paid_content":false,"footnotes":"","jetpack_publicize_message":"","jetpack_publicize_feature_enabled":true,"jetpack_social_post_already_shared":true,"jetpack_social_options":{"image_generator_settings":{"template":"highway","default_image_id":0,"font":"","enabled":false},"version":2}},"categories":[21],"tags":[39],"class_list":["post-24143","post","type-post","status-publish","format-standard","hentry","category-informeci","tag-bibliotecaspublicas"],"jetpack_publicize_connections":[],"jetpack_featured_media_url":"","views":"","jetpack_sharing_enabled":true,"_links":{"self":[{"href":"https:\/\/www.pedroandretta.info\/index\/wp-json\/wp\/v2\/posts\/24143","targetHints":{"allow":["GET"]}}],"collection":[{"href":"https:\/\/www.pedroandretta.info\/index\/wp-json\/wp\/v2\/posts"}],"about":[{"href":"https:\/\/www.pedroandretta.info\/index\/wp-json\/wp\/v2\/types\/post"}],"author":[{"embeddable":true,"href":"https:\/\/www.pedroandretta.info\/index\/wp-json\/wp\/v2\/users\/1"}],"replies":[{"embeddable":true,"href":"https:\/\/www.pedroandretta.info\/index\/wp-json\/wp\/v2\/comments?post=24143"}],"version-history":[{"count":0,"href":"https:\/\/www.pedroandretta.info\/index\/wp-json\/wp\/v2\/posts\/24143\/revisions"}],"wp:attachment":[{"href":"https:\/\/www.pedroandretta.info\/index\/wp-json\/wp\/v2\/media?parent=24143"}],"wp:term":[{"taxonomy":"category","embeddable":true,"href":"https:\/\/www.pedroandretta.info\/index\/wp-json\/wp\/v2\/categories?post=24143"},{"taxonomy":"post_tag","embeddable":true,"href":"https:\/\/www.pedroandretta.info\/index\/wp-json\/wp\/v2\/tags?post=24143"}],"curies":[{"name":"wp","href":"https:\/\/api.w.org\/{rel}","templated":true}]}}