{"id":24171,"date":"2024-03-20T23:45:39","date_gmt":"2024-03-21T03:45:39","guid":{"rendered":"https:\/\/www.pedroandretta.info\/index\/?p=24171"},"modified":"2024-03-20T23:45:43","modified_gmt":"2024-03-21T03:45:43","slug":"livro-resgata-luta-judicial-indigena-contra-colonizacao","status":"publish","type":"post","link":"https:\/\/www.pedroandretta.info\/index\/2024\/03\/livro-resgata-luta-judicial-indigena-contra-colonizacao\/","title":{"rendered":"Livro resgata luta judicial ind\u00edgena contra coloniza\u00e7\u00e3o"},"content":{"rendered":"\n<p><strong>Livro resgata luta judicial ind\u00edgena contra coloniza\u00e7\u00e3o<\/strong><\/p>\n\n\n\n<p>A obra \u00e9 resultado da disserta\u00e7\u00e3o de mestrado da historiadora Luma Ribeiro Prado, apresentada na Faculdade de Filosofia, Letras e Ci\u00eancias Humanas (FFLCH) da USP. Em 2020, Luma foi a vencedora do Pr\u00eamio Hist\u00f3ria Social da USP com a apresenta\u00e7\u00e3o de seu estudo intitulado <em>Cativos litigantes: demandas ind\u00edgenas por liberdade na Amaz\u00f4nia portuguesa, 1706-1759<\/em>.<\/p>\n\n\n\n<p>#PovosInd\u00edgenas <\/p>\n\n\n\n<p>via Jornal da USP<\/p>\n\n\n\n<p>Dispon\u00edvel em: <a href=\"https:\/\/jornal.usp.br\/diversidade\/livro-resgata-luta-judicial-indigena-contra-colonizacao\/\">https:\/\/jornal.usp.br\/diversidade\/livro-resgata-luta-judicial-indigena-contra-colonizacao\/<\/a><\/p>\n\n\n\n<figure class=\"wp-block-image size-full\"><img data-recalc-dims=\"1\" decoding=\"async\" width=\"235\" height=\"359\" src=\"https:\/\/i0.wp.com\/www.pedroandretta.info\/index\/wp-content\/uploads\/2024\/03\/image-60.png?resize=235%2C359&#038;ssl=1\" alt=\"\" class=\"wp-image-24174\" srcset=\"https:\/\/i0.wp.com\/www.pedroandretta.info\/index\/wp-content\/uploads\/2024\/03\/image-60.png?w=235&amp;ssl=1 235w, https:\/\/i0.wp.com\/www.pedroandretta.info\/index\/wp-content\/uploads\/2024\/03\/image-60.png?resize=196%2C300&amp;ssl=1 196w\" sizes=\"(max-width: 235px) 100vw, 235px\" \/><\/figure>\n","protected":false},"excerpt":{"rendered":"<p>Livro resgata luta judicial ind\u00edgena contra coloniza\u00e7\u00e3o A obra \u00e9 resultado da disserta\u00e7\u00e3o de mestrado da historiadora Luma Ribeiro Prado, apresentada na Faculdade de Filosofia, Letras e Ci\u00eancias Humanas (FFLCH) da USP. Em 2020, Luma foi a vencedora do Pr\u00eamio Hist\u00f3ria Social da USP com a apresenta\u00e7\u00e3o de seu estudo intitulado Cativos litigantes: demandas ind\u00edgenas<\/p><\/div>\n<div class=\"blog-btn\"><a href=\"https:\/\/www.pedroandretta.info\/index\/2024\/03\/livro-resgata-luta-judicial-indigena-contra-colonizacao\/\" class=\"home-blog-btn\">Ler mais<\/a><\/p>\n","protected":false},"author":1,"featured_media":0,"comment_status":"open","ping_status":"open","sticky":false,"template":"","format":"standard","meta":{"_jetpack_memberships_contains_paid_content":false,"footnotes":"","jetpack_publicize_message":"","jetpack_publicize_feature_enabled":true,"jetpack_social_post_already_shared":true,"jetpack_social_options":{"image_generator_settings":{"template":"highway","default_image_id":0,"font":"","enabled":false},"version":2}},"categories":[21],"tags":[2700],"class_list":["post-24171","post","type-post","status-publish","format-standard","hentry","category-informeci","tag-povosindigenas"],"jetpack_publicize_connections":[],"jetpack_featured_media_url":"","views":"","jetpack_sharing_enabled":true,"_links":{"self":[{"href":"https:\/\/www.pedroandretta.info\/index\/wp-json\/wp\/v2\/posts\/24171","targetHints":{"allow":["GET"]}}],"collection":[{"href":"https:\/\/www.pedroandretta.info\/index\/wp-json\/wp\/v2\/posts"}],"about":[{"href":"https:\/\/www.pedroandretta.info\/index\/wp-json\/wp\/v2\/types\/post"}],"author":[{"embeddable":true,"href":"https:\/\/www.pedroandretta.info\/index\/wp-json\/wp\/v2\/users\/1"}],"replies":[{"embeddable":true,"href":"https:\/\/www.pedroandretta.info\/index\/wp-json\/wp\/v2\/comments?post=24171"}],"version-history":[{"count":0,"href":"https:\/\/www.pedroandretta.info\/index\/wp-json\/wp\/v2\/posts\/24171\/revisions"}],"wp:attachment":[{"href":"https:\/\/www.pedroandretta.info\/index\/wp-json\/wp\/v2\/media?parent=24171"}],"wp:term":[{"taxonomy":"category","embeddable":true,"href":"https:\/\/www.pedroandretta.info\/index\/wp-json\/wp\/v2\/categories?post=24171"},{"taxonomy":"post_tag","embeddable":true,"href":"https:\/\/www.pedroandretta.info\/index\/wp-json\/wp\/v2\/tags?post=24171"}],"curies":[{"name":"wp","href":"https:\/\/api.w.org\/{rel}","templated":true}]}}