{"id":24206,"date":"2024-03-24T11:38:54","date_gmt":"2024-03-24T15:38:54","guid":{"rendered":"https:\/\/www.pedroandretta.info\/index\/?p=24206"},"modified":"2024-03-24T11:38:58","modified_gmt":"2024-03-24T15:38:58","slug":"ia-onu-aprova-primeira-resolucao-global","status":"publish","type":"post","link":"https:\/\/www.pedroandretta.info\/index\/2024\/03\/ia-onu-aprova-primeira-resolucao-global\/","title":{"rendered":"IA: ONU aprova primeira resolu\u00e7\u00e3o global"},"content":{"rendered":"\n<p><strong>IA: ONU aprova primeira resolu\u00e7\u00e3o global<\/strong><\/p>\n\n\n\n<p>O documento conclama aos 193 pa\u00edses-membros da ONU a focarem na prote\u00e7\u00e3o dos direitos humanos e dados pessoais, enquanto estimulam a inova\u00e7\u00e3o; e como n\u00e3o podia deixar de ser, proteger propriedades intelectuais, direitos autorais e copyrights.<\/p>\n\n\n\n<p>#Regulamenta\u00e7\u00e3o #IA ONU<\/p>\n\n\n\n<p>via Meio Bit<\/p>\n\n\n\n<p>Dispon\u00edvel em: <a href=\"https:\/\/meiobit.com\/463793\/ia-onu-aprova-primeira-resolucao-global\/\">https:\/\/meiobit.com\/463793\/ia-onu-aprova-primeira-resolucao-global\/<\/a><\/p>\n\n\n\n<figure class=\"wp-block-image size-full\"><img data-recalc-dims=\"1\" decoding=\"async\" width=\"410\" height=\"576\" src=\"https:\/\/i0.wp.com\/www.pedroandretta.info\/index\/wp-content\/uploads\/2024\/03\/image-67.png?resize=410%2C576&#038;ssl=1\" alt=\"\" class=\"wp-image-24207\" srcset=\"https:\/\/i0.wp.com\/www.pedroandretta.info\/index\/wp-content\/uploads\/2024\/03\/image-67.png?w=410&amp;ssl=1 410w, https:\/\/i0.wp.com\/www.pedroandretta.info\/index\/wp-content\/uploads\/2024\/03\/image-67.png?resize=214%2C300&amp;ssl=1 214w\" sizes=\"(max-width: 410px) 100vw, 410px\" \/><\/figure>\n","protected":false},"excerpt":{"rendered":"<p>IA: ONU aprova primeira resolu\u00e7\u00e3o global O documento conclama aos 193 pa\u00edses-membros da ONU a focarem na prote\u00e7\u00e3o dos direitos humanos e dados pessoais, enquanto estimulam a inova\u00e7\u00e3o; e como n\u00e3o podia deixar de ser, proteger propriedades intelectuais, direitos autorais e copyrights. #Regulamenta\u00e7\u00e3o #IA ONU via Meio Bit Dispon\u00edvel em: https:\/\/meiobit.com\/463793\/ia-onu-aprova-primeira-resolucao-global\/<\/p>\n","protected":false},"author":1,"featured_media":0,"comment_status":"open","ping_status":"open","sticky":false,"template":"","format":"standard","meta":{"_jetpack_newsletter_access":"","_jetpack_dont_email_post_to_subs":false,"_jetpack_newsletter_tier_id":0,"_jetpack_memberships_contains_paywalled_content":false,"_jetpack_feature_clip_id":0,"_jetpack_memberships_contains_paid_content":false,"footnotes":"","jetpack_publicize_message":"","jetpack_publicize_feature_enabled":true,"jetpack_social_post_already_shared":true,"jetpack_social_options":{"image_generator_settings":{"template":"highway","default_image_id":0,"font":"","enabled":false},"version":2},"jetpack_post_was_ever_published":false},"categories":[21],"tags":[1994,1916,3605],"class_list":["post-24206","post","type-post","status-publish","format-standard","hentry","category-informeci","tag-inteligenciaartificial","tag-onu","tag-regulamentacao"],"jetpack_publicize_connections":[],"jetpack_featured_media_url":"","views":"","jetpack_sharing_enabled":true,"_links":{"self":[{"href":"https:\/\/www.pedroandretta.info\/index\/wp-json\/wp\/v2\/posts\/24206","targetHints":{"allow":["GET"]}}],"collection":[{"href":"https:\/\/www.pedroandretta.info\/index\/wp-json\/wp\/v2\/posts"}],"about":[{"href":"https:\/\/www.pedroandretta.info\/index\/wp-json\/wp\/v2\/types\/post"}],"author":[{"embeddable":true,"href":"https:\/\/www.pedroandretta.info\/index\/wp-json\/wp\/v2\/users\/1"}],"replies":[{"embeddable":true,"href":"https:\/\/www.pedroandretta.info\/index\/wp-json\/wp\/v2\/comments?post=24206"}],"version-history":[{"count":0,"href":"https:\/\/www.pedroandretta.info\/index\/wp-json\/wp\/v2\/posts\/24206\/revisions"}],"wp:attachment":[{"href":"https:\/\/www.pedroandretta.info\/index\/wp-json\/wp\/v2\/media?parent=24206"}],"wp:term":[{"taxonomy":"category","embeddable":true,"href":"https:\/\/www.pedroandretta.info\/index\/wp-json\/wp\/v2\/categories?post=24206"},{"taxonomy":"post_tag","embeddable":true,"href":"https:\/\/www.pedroandretta.info\/index\/wp-json\/wp\/v2\/tags?post=24206"}],"curies":[{"name":"wp","href":"https:\/\/api.w.org\/{rel}","templated":true}]}}