{"id":24355,"date":"2024-04-05T12:04:37","date_gmt":"2024-04-05T16:04:37","guid":{"rendered":"https:\/\/www.pedroandretta.info\/index\/?p=24355"},"modified":"2024-04-05T12:05:20","modified_gmt":"2024-04-05T16:05:20","slug":"periodicos-cientificos-na-area-comunicacao-e-informacao-consolidacao-do-indice-h-e-as-questoes-eticas-sobre-sua-utilizacao","status":"publish","type":"post","link":"https:\/\/www.pedroandretta.info\/index\/2024\/04\/periodicos-cientificos-na-area-comunicacao-e-informacao-consolidacao-do-indice-h-e-as-questoes-eticas-sobre-sua-utilizacao\/","title":{"rendered":"Peri\u00f3dicos cient\u00edficos na \u00e1rea Comunica\u00e7\u00e3o e Informa\u00e7\u00e3o: consolida\u00e7\u00e3o do \u00edndice h e as quest\u00f5es \u00e9ticas sobre sua utiliza\u00e7\u00e3o"},"content":{"rendered":"\n<p><strong>Peri\u00f3dicos cient\u00edficos na \u00e1rea Comunica\u00e7\u00e3o e Informa\u00e7\u00e3o: consolida\u00e7\u00e3o do \u00edndice h e as quest\u00f5es \u00e9ticas sobre sua utiliza\u00e7\u00e3o<\/strong><\/p>\n\n\n\n<p>&#8220;[&#8230;] a despeito do \u00edndice h ser uma m\u00e9trica interessante para a avalia\u00e7\u00e3o de peri\u00f3dicos na \u00e1rea Comunica\u00e7\u00e3o e Informa\u00e7\u00e3o, considera-se que ela poderia ser complementada por avalia\u00e7\u00f5es qualitativas capazes de compreender os desafios \u00e9ticos necess\u00e1rios para garantir uma avalia\u00e7\u00e3o justa e adequada da pesquisa acad\u00eamica.&#8221;<\/p>\n\n\n\n<p>#Peri\u00f3dicos #\u00cdndiceH<\/p>\n\n\n\n<p>Dispon\u00edvel em: <a href=\"https:\/\/seer.ufrgs.br\/index.php\/EmQuestao\/article\/view\/136673\/91661\">https:\/\/seer.ufrgs.br\/index.php\/EmQuestao\/article\/view\/136673\/91661<\/a><\/p>\n\n\n\n<figure class=\"wp-block-image size-full\"><img data-recalc-dims=\"1\" decoding=\"async\" width=\"359\" height=\"536\" src=\"https:\/\/i0.wp.com\/www.pedroandretta.info\/index\/wp-content\/uploads\/2024\/04\/image-11.png?resize=359%2C536&#038;ssl=1\" alt=\"\" class=\"wp-image-24356\" srcset=\"https:\/\/i0.wp.com\/www.pedroandretta.info\/index\/wp-content\/uploads\/2024\/04\/image-11.png?w=359&amp;ssl=1 359w, https:\/\/i0.wp.com\/www.pedroandretta.info\/index\/wp-content\/uploads\/2024\/04\/image-11.png?resize=201%2C300&amp;ssl=1 201w\" sizes=\"(max-width: 359px) 100vw, 359px\" \/><\/figure>\n","protected":false},"excerpt":{"rendered":"<p>Peri\u00f3dicos cient\u00edficos na \u00e1rea Comunica\u00e7\u00e3o e Informa\u00e7\u00e3o: consolida\u00e7\u00e3o do \u00edndice h e as quest\u00f5es \u00e9ticas sobre sua utiliza\u00e7\u00e3o &#8220;[&#8230;] a despeito do \u00edndice h ser uma m\u00e9trica interessante para a avalia\u00e7\u00e3o de peri\u00f3dicos na \u00e1rea Comunica\u00e7\u00e3o e Informa\u00e7\u00e3o, considera-se que ela poderia ser complementada por avalia\u00e7\u00f5es qualitativas capazes de compreender os desafios \u00e9ticos necess\u00e1rios para<\/p><\/div>\n<div class=\"blog-btn\"><a href=\"https:\/\/www.pedroandretta.info\/index\/2024\/04\/periodicos-cientificos-na-area-comunicacao-e-informacao-consolidacao-do-indice-h-e-as-questoes-eticas-sobre-sua-utilizacao\/\" class=\"home-blog-btn\">Ler mais<\/a><\/p>\n","protected":false},"author":1,"featured_media":0,"comment_status":"open","ping_status":"open","sticky":false,"template":"","format":"standard","meta":{"_jetpack_memberships_contains_paid_content":false,"footnotes":"","jetpack_publicize_message":"","jetpack_publicize_feature_enabled":true,"jetpack_social_post_already_shared":true,"jetpack_social_options":{"image_generator_settings":{"template":"highway","default_image_id":0,"font":"","enabled":false},"version":2}},"categories":[21],"tags":[243],"class_list":["post-24355","post","type-post","status-publish","format-standard","hentry","category-informeci","tag-periodicos"],"jetpack_publicize_connections":[],"jetpack_featured_media_url":"","views":"","jetpack_sharing_enabled":true,"_links":{"self":[{"href":"https:\/\/www.pedroandretta.info\/index\/wp-json\/wp\/v2\/posts\/24355","targetHints":{"allow":["GET"]}}],"collection":[{"href":"https:\/\/www.pedroandretta.info\/index\/wp-json\/wp\/v2\/posts"}],"about":[{"href":"https:\/\/www.pedroandretta.info\/index\/wp-json\/wp\/v2\/types\/post"}],"author":[{"embeddable":true,"href":"https:\/\/www.pedroandretta.info\/index\/wp-json\/wp\/v2\/users\/1"}],"replies":[{"embeddable":true,"href":"https:\/\/www.pedroandretta.info\/index\/wp-json\/wp\/v2\/comments?post=24355"}],"version-history":[{"count":0,"href":"https:\/\/www.pedroandretta.info\/index\/wp-json\/wp\/v2\/posts\/24355\/revisions"}],"wp:attachment":[{"href":"https:\/\/www.pedroandretta.info\/index\/wp-json\/wp\/v2\/media?parent=24355"}],"wp:term":[{"taxonomy":"category","embeddable":true,"href":"https:\/\/www.pedroandretta.info\/index\/wp-json\/wp\/v2\/categories?post=24355"},{"taxonomy":"post_tag","embeddable":true,"href":"https:\/\/www.pedroandretta.info\/index\/wp-json\/wp\/v2\/tags?post=24355"}],"curies":[{"name":"wp","href":"https:\/\/api.w.org\/{rel}","templated":true}]}}