{"id":24391,"date":"2024-04-08T15:31:44","date_gmt":"2024-04-08T19:31:44","guid":{"rendered":"https:\/\/www.pedroandretta.info\/index\/?p=24391"},"modified":"2024-04-08T15:31:48","modified_gmt":"2024-04-08T19:31:48","slug":"meta-identificara-conteudos-gerados-por-ia-em-luta-contra-desinformacao","status":"publish","type":"post","link":"https:\/\/www.pedroandretta.info\/index\/2024\/04\/meta-identificara-conteudos-gerados-por-ia-em-luta-contra-desinformacao\/","title":{"rendered":"Meta identificar\u00e1 conte\u00fados gerados por IA em luta contra desinforma\u00e7\u00e3o"},"content":{"rendered":"\n<p><strong>Meta identificar\u00e1 conte\u00fados gerados por IA em luta contra desinforma\u00e7\u00e3o<\/strong><\/p>\n\n\n\n<p>&#8220;Prevemos come\u00e7ar a marcar o conte\u00fado gerado por IA em maio de 2024&#8221;, indicou em seu blog Monika Bickert, vice-presidente de conte\u00fado da Meta, acrescentando que a men\u00e7\u00e3o Made with AI (&#8220;Feito com IA&#8221;), j\u00e1 usada em imagens fotorrealistas, seria aplicada a &#8220;um maior n\u00famero de conte\u00fados de v\u00eddeo, \u00e1udio e de imagens&#8221;.<\/p>\n\n\n\n<p>via Exame<\/p>\n\n\n\n<p>#Desinforma\u00e7\u00e3o #Meta<\/p>\n\n\n\n<p>Dispon\u00edvel em: <a href=\"https:\/\/exame.com\/inteligencia-artificial\/meta-anuncia-que-identificara-conteudos-gerados-por-ia-em-luta-contra-desinformacao\/\">https:\/\/exame.com\/inteligencia-artificial\/meta-anuncia-que-identificara-conteudos-gerados-por-ia-em-luta-contra-desinformacao\/<\/a><\/p>\n","protected":false},"excerpt":{"rendered":"<p>Meta identificar\u00e1 conte\u00fados gerados por IA em luta contra desinforma\u00e7\u00e3o &#8220;Prevemos come\u00e7ar a marcar o conte\u00fado gerado por IA em maio de 2024&#8221;, indicou em seu blog Monika Bickert, vice-presidente de conte\u00fado da Meta, acrescentando que a men\u00e7\u00e3o Made with AI (&#8220;Feito com IA&#8221;), j\u00e1 usada em imagens fotorrealistas, seria aplicada a &#8220;um maior n\u00famero<\/p><\/div>\n<div class=\"blog-btn\"><a href=\"https:\/\/www.pedroandretta.info\/index\/2024\/04\/meta-identificara-conteudos-gerados-por-ia-em-luta-contra-desinformacao\/\" class=\"home-blog-btn\">Ler mais<\/a><\/p>\n","protected":false},"author":1,"featured_media":0,"comment_status":"open","ping_status":"open","sticky":false,"template":"","format":"standard","meta":{"_jetpack_memberships_contains_paid_content":false,"footnotes":"","jetpack_publicize_message":"","jetpack_publicize_feature_enabled":true,"jetpack_social_post_already_shared":true,"jetpack_social_options":{"image_generator_settings":{"template":"highway","default_image_id":0,"font":"","enabled":false},"version":2}},"categories":[21],"tags":[142],"class_list":["post-24391","post","type-post","status-publish","format-standard","hentry","category-informeci","tag-desinformacao"],"jetpack_publicize_connections":[],"jetpack_featured_media_url":"","views":"","jetpack_sharing_enabled":true,"_links":{"self":[{"href":"https:\/\/www.pedroandretta.info\/index\/wp-json\/wp\/v2\/posts\/24391","targetHints":{"allow":["GET"]}}],"collection":[{"href":"https:\/\/www.pedroandretta.info\/index\/wp-json\/wp\/v2\/posts"}],"about":[{"href":"https:\/\/www.pedroandretta.info\/index\/wp-json\/wp\/v2\/types\/post"}],"author":[{"embeddable":true,"href":"https:\/\/www.pedroandretta.info\/index\/wp-json\/wp\/v2\/users\/1"}],"replies":[{"embeddable":true,"href":"https:\/\/www.pedroandretta.info\/index\/wp-json\/wp\/v2\/comments?post=24391"}],"version-history":[{"count":0,"href":"https:\/\/www.pedroandretta.info\/index\/wp-json\/wp\/v2\/posts\/24391\/revisions"}],"wp:attachment":[{"href":"https:\/\/www.pedroandretta.info\/index\/wp-json\/wp\/v2\/media?parent=24391"}],"wp:term":[{"taxonomy":"category","embeddable":true,"href":"https:\/\/www.pedroandretta.info\/index\/wp-json\/wp\/v2\/categories?post=24391"},{"taxonomy":"post_tag","embeddable":true,"href":"https:\/\/www.pedroandretta.info\/index\/wp-json\/wp\/v2\/tags?post=24391"}],"curies":[{"name":"wp","href":"https:\/\/api.w.org\/{rel}","templated":true}]}}