{"id":24404,"date":"2024-04-08T15:55:10","date_gmt":"2024-04-08T19:55:10","guid":{"rendered":"https:\/\/www.pedroandretta.info\/index\/?p=24404"},"modified":"2024-04-08T15:55:15","modified_gmt":"2024-04-08T19:55:15","slug":"o-conceito-de-relevancia-na-recuperacao-de-informacao","status":"publish","type":"post","link":"https:\/\/www.pedroandretta.info\/index\/2024\/04\/o-conceito-de-relevancia-na-recuperacao-de-informacao\/","title":{"rendered":"O conceito de relev\u00e2ncia na recupera\u00e7\u00e3o de informa\u00e7\u00e3o"},"content":{"rendered":"\n<p><strong>O conceito de relev\u00e2ncia na recupera\u00e7\u00e3o de informa\u00e7\u00e3o<\/strong><\/p>\n\n\n\n<p>A relev\u00e2ncia tamb\u00e9m est\u00e1 fortemente ligada aos sistemas de recupera\u00e7\u00e3o de informa\u00e7\u00f5es. Nesse contexto, a relev\u00e2ncia pode ser classificada sobre dois enfoques: a relev\u00e2ncia do usu\u00e1rio e a relev\u00e2ncia do sistema. A partir dos resultados podemos concluir que o conceito de relev\u00e2ncia desempenha um papel fundamental na avalia\u00e7\u00e3o pelo usu\u00e1rio, sendo utilizada, inclusive, como um padr\u00e3o para avaliar a efic\u00e1cia de algor\u00edtmicos e sistemas.<\/p>\n\n\n\n<p>#Recupera\u00e7\u00e3oDaInforma\u00e7\u00e3o<\/p>\n\n\n\n<p>Dispon\u00edvel em: <a href=\"https:\/\/www.revistas.usp.br\/incid\/article\/view\/206701\">https:\/\/www.revistas.usp.br\/incid\/article\/view\/206701<\/a><\/p>\n\n\n\n<figure class=\"wp-block-image size-full\"><img data-recalc-dims=\"1\" decoding=\"async\" width=\"356\" height=\"548\" src=\"https:\/\/i0.wp.com\/www.pedroandretta.info\/index\/wp-content\/uploads\/2024\/04\/image-23.png?resize=356%2C548&#038;ssl=1\" alt=\"\" class=\"wp-image-24405\" srcset=\"https:\/\/i0.wp.com\/www.pedroandretta.info\/index\/wp-content\/uploads\/2024\/04\/image-23.png?w=356&amp;ssl=1 356w, https:\/\/i0.wp.com\/www.pedroandretta.info\/index\/wp-content\/uploads\/2024\/04\/image-23.png?resize=195%2C300&amp;ssl=1 195w\" sizes=\"(max-width: 356px) 100vw, 356px\" \/><\/figure>\n","protected":false},"excerpt":{"rendered":"<p>O conceito de relev\u00e2ncia na recupera\u00e7\u00e3o de informa\u00e7\u00e3o A relev\u00e2ncia tamb\u00e9m est\u00e1 fortemente ligada aos sistemas de recupera\u00e7\u00e3o de informa\u00e7\u00f5es. Nesse contexto, a relev\u00e2ncia pode ser classificada sobre dois enfoques: a relev\u00e2ncia do usu\u00e1rio e a relev\u00e2ncia do sistema. A partir dos resultados podemos concluir que o conceito de relev\u00e2ncia desempenha um papel fundamental na<\/p><\/div>\n<div class=\"blog-btn\"><a href=\"https:\/\/www.pedroandretta.info\/index\/2024\/04\/o-conceito-de-relevancia-na-recuperacao-de-informacao\/\" class=\"home-blog-btn\">Ler mais<\/a><\/p>\n","protected":false},"author":1,"featured_media":0,"comment_status":"open","ping_status":"open","sticky":false,"template":"","format":"standard","meta":{"_jetpack_memberships_contains_paid_content":false,"footnotes":"","jetpack_publicize_message":"","jetpack_publicize_feature_enabled":true,"jetpack_social_post_already_shared":true,"jetpack_social_options":{"image_generator_settings":{"template":"highway","default_image_id":0,"font":"","enabled":false},"version":2}},"categories":[21],"tags":[1127,3682],"class_list":["post-24404","post","type-post","status-publish","format-standard","hentry","category-informeci","tag-recuperacaodainformacao","tag-relevancia"],"jetpack_publicize_connections":[],"jetpack_featured_media_url":"","views":"","jetpack_sharing_enabled":true,"_links":{"self":[{"href":"https:\/\/www.pedroandretta.info\/index\/wp-json\/wp\/v2\/posts\/24404","targetHints":{"allow":["GET"]}}],"collection":[{"href":"https:\/\/www.pedroandretta.info\/index\/wp-json\/wp\/v2\/posts"}],"about":[{"href":"https:\/\/www.pedroandretta.info\/index\/wp-json\/wp\/v2\/types\/post"}],"author":[{"embeddable":true,"href":"https:\/\/www.pedroandretta.info\/index\/wp-json\/wp\/v2\/users\/1"}],"replies":[{"embeddable":true,"href":"https:\/\/www.pedroandretta.info\/index\/wp-json\/wp\/v2\/comments?post=24404"}],"version-history":[{"count":0,"href":"https:\/\/www.pedroandretta.info\/index\/wp-json\/wp\/v2\/posts\/24404\/revisions"}],"wp:attachment":[{"href":"https:\/\/www.pedroandretta.info\/index\/wp-json\/wp\/v2\/media?parent=24404"}],"wp:term":[{"taxonomy":"category","embeddable":true,"href":"https:\/\/www.pedroandretta.info\/index\/wp-json\/wp\/v2\/categories?post=24404"},{"taxonomy":"post_tag","embeddable":true,"href":"https:\/\/www.pedroandretta.info\/index\/wp-json\/wp\/v2\/tags?post=24404"}],"curies":[{"name":"wp","href":"https:\/\/api.w.org\/{rel}","templated":true}]}}