{"id":24408,"date":"2024-04-10T09:19:12","date_gmt":"2024-04-10T13:19:12","guid":{"rendered":"https:\/\/www.pedroandretta.info\/index\/?p=24408"},"modified":"2024-04-10T09:19:16","modified_gmt":"2024-04-10T13:19:16","slug":"comissao-de-anistia-reconheceu-povos-indigenas-como-sujeitos-coletivos-opina-historiador","status":"publish","type":"post","link":"https:\/\/www.pedroandretta.info\/index\/2024\/04\/comissao-de-anistia-reconheceu-povos-indigenas-como-sujeitos-coletivos-opina-historiador\/","title":{"rendered":"Comiss\u00e3o de Anistia reconheceu povos ind\u00edgenas como sujeitos coletivos, opina historiador"},"content":{"rendered":"\n<p><strong>Comiss\u00e3o de Anistia reconheceu povos ind\u00edgenas como sujeitos coletivos, opina historiador<\/strong><\/p>\n\n\n\n<p>Os povos ind\u00edgenas h\u00e1 d\u00e9cadas lutam por uma justi\u00e7a de transi\u00e7\u00e3o que reconhe\u00e7a as sistem\u00e1ticas viola\u00e7\u00f5es de direitos cometidas contra eles, em processos de espolia\u00e7\u00e3o de terras. Nesse sentido, o pesquisador considera que os pr\u00f3ximos passos do Estado brasileiro devam ser a extens\u00e3o das anistias a outros povos, al\u00e9m dos Krenak e Kaiow\u00e1, o pagamento de indeniza\u00e7\u00f5es, a demarca\u00e7\u00e3o de terras e o reconhecimento dos crimes contra ind\u00edgenas n\u00e3o aldeados \u2013 em especial, aqueles que migraram para as periferias das capitais durante a ditadura e estiveram sujeitos \u00e0 atua\u00e7\u00e3o dos esquadr\u00f5es da morte.<\/p>\n\n\n\n<p>#PovosInd\u00edgenas<\/p>\n\n\n\n<p>via Jornal da USP<\/p>\n\n\n\n<p>Dispon\u00edvel em: <a href=\"https:\/\/jornal.usp.br\/diversidade\/etnico-racial\/comissao-de-anistia-reconheceu-povos-indigenas-como-sujeitos-coletivos-opina-historiador\/\">https:\/\/jornal.usp.br\/diversidade\/etnico-racial\/comissao-de-anistia-reconheceu-povos-indigenas-como-sujeitos-coletivos-opina-historiador\/<\/a><\/p>\n\n\n\n<figure class=\"wp-block-image size-large\"><img data-recalc-dims=\"1\" decoding=\"async\" width=\"600\" height=\"352\" src=\"https:\/\/i0.wp.com\/www.pedroandretta.info\/index\/wp-content\/uploads\/2024\/04\/image-24.png?resize=600%2C352&#038;ssl=1\" alt=\"\" class=\"wp-image-24409\" srcset=\"https:\/\/i0.wp.com\/www.pedroandretta.info\/index\/wp-content\/uploads\/2024\/04\/image-24.png?resize=600%2C352&amp;ssl=1 600w, https:\/\/i0.wp.com\/www.pedroandretta.info\/index\/wp-content\/uploads\/2024\/04\/image-24.png?resize=300%2C176&amp;ssl=1 300w, https:\/\/i0.wp.com\/www.pedroandretta.info\/index\/wp-content\/uploads\/2024\/04\/image-24.png?w=744&amp;ssl=1 744w\" sizes=\"(max-width: 600px) 100vw, 600px\" \/><\/figure>\n","protected":false},"excerpt":{"rendered":"<p>Comiss\u00e3o de Anistia reconheceu povos ind\u00edgenas como sujeitos coletivos, opina historiador Os povos ind\u00edgenas h\u00e1 d\u00e9cadas lutam por uma justi\u00e7a de transi\u00e7\u00e3o que reconhe\u00e7a as sistem\u00e1ticas viola\u00e7\u00f5es de direitos cometidas contra eles, em processos de espolia\u00e7\u00e3o de terras. Nesse sentido, o pesquisador considera que os pr\u00f3ximos passos do Estado brasileiro devam ser a extens\u00e3o das<\/p><\/div>\n<div class=\"blog-btn\"><a href=\"https:\/\/www.pedroandretta.info\/index\/2024\/04\/comissao-de-anistia-reconheceu-povos-indigenas-como-sujeitos-coletivos-opina-historiador\/\" class=\"home-blog-btn\">Ler mais<\/a><\/p>\n","protected":false},"author":1,"featured_media":0,"comment_status":"open","ping_status":"open","sticky":false,"template":"","format":"standard","meta":{"_jetpack_memberships_contains_paid_content":false,"footnotes":"","jetpack_publicize_message":"","jetpack_publicize_feature_enabled":true,"jetpack_social_post_already_shared":true,"jetpack_social_options":{"image_generator_settings":{"template":"highway","default_image_id":0,"font":"","enabled":false},"version":2}},"categories":[21],"tags":[2700],"class_list":["post-24408","post","type-post","status-publish","format-standard","hentry","category-informeci","tag-povosindigenas"],"jetpack_publicize_connections":[],"jetpack_featured_media_url":"","views":"","jetpack_sharing_enabled":true,"_links":{"self":[{"href":"https:\/\/www.pedroandretta.info\/index\/wp-json\/wp\/v2\/posts\/24408","targetHints":{"allow":["GET"]}}],"collection":[{"href":"https:\/\/www.pedroandretta.info\/index\/wp-json\/wp\/v2\/posts"}],"about":[{"href":"https:\/\/www.pedroandretta.info\/index\/wp-json\/wp\/v2\/types\/post"}],"author":[{"embeddable":true,"href":"https:\/\/www.pedroandretta.info\/index\/wp-json\/wp\/v2\/users\/1"}],"replies":[{"embeddable":true,"href":"https:\/\/www.pedroandretta.info\/index\/wp-json\/wp\/v2\/comments?post=24408"}],"version-history":[{"count":0,"href":"https:\/\/www.pedroandretta.info\/index\/wp-json\/wp\/v2\/posts\/24408\/revisions"}],"wp:attachment":[{"href":"https:\/\/www.pedroandretta.info\/index\/wp-json\/wp\/v2\/media?parent=24408"}],"wp:term":[{"taxonomy":"category","embeddable":true,"href":"https:\/\/www.pedroandretta.info\/index\/wp-json\/wp\/v2\/categories?post=24408"},{"taxonomy":"post_tag","embeddable":true,"href":"https:\/\/www.pedroandretta.info\/index\/wp-json\/wp\/v2\/tags?post=24408"}],"curies":[{"name":"wp","href":"https:\/\/api.w.org\/{rel}","templated":true}]}}