{"id":24411,"date":"2024-04-10T09:22:06","date_gmt":"2024-04-10T13:22:06","guid":{"rendered":"https:\/\/www.pedroandretta.info\/index\/?p=24411"},"modified":"2024-04-10T09:22:11","modified_gmt":"2024-04-10T13:22:11","slug":"indicadores-de-gestao-da-comunicacao-para-bibliotecas-universitarias","status":"publish","type":"post","link":"https:\/\/www.pedroandretta.info\/index\/2024\/04\/indicadores-de-gestao-da-comunicacao-para-bibliotecas-universitarias\/","title":{"rendered":"Indicadores de Gest\u00e3o da Comunica\u00e7\u00e3o para Bibliotecas Universit\u00e1rias"},"content":{"rendered":"\n<p><strong>Indicadores de Gest\u00e3o da Comunica\u00e7\u00e3o para Bibliotecas Universit\u00e1rias<\/strong><\/p>\n\n\n\n<p>Esta pesquisa tem como objetivo propor indicadores de gest\u00e3o de comunica\u00e7\u00e3o para bibliotecas universit\u00e1rias que permitam uma percep\u00e7\u00e3o sist\u00eamica. Metodologicamente \u00e9 uma pesquisa bibliogr\u00e1fica, explorat\u00f3ria, utilizou de question\u00e1rio e entrevista enquanto instrumento de coleta de dados.<\/p>\n\n\n\n<p>#Gest\u00e3oDeBibliotecas #BibliotecasUniversit\u00e1rias<\/p>\n\n\n\n<p>Dispon\u00edvel em: <a href=\"https:\/\/revistas.marilia.unesp.br\/index.php\/bjis\/article\/view\/15517\">https:\/\/revistas.marilia.unesp.br\/index.php\/bjis\/article\/view\/15517<\/a><\/p>\n\n\n\n<figure class=\"wp-block-image size-large\"><img data-recalc-dims=\"1\" decoding=\"async\" width=\"463\" height=\"600\" src=\"https:\/\/i0.wp.com\/www.pedroandretta.info\/index\/wp-content\/uploads\/2024\/04\/image-25.png?resize=463%2C600&#038;ssl=1\" alt=\"\" class=\"wp-image-24412\" srcset=\"https:\/\/i0.wp.com\/www.pedroandretta.info\/index\/wp-content\/uploads\/2024\/04\/image-25.png?resize=463%2C600&amp;ssl=1 463w, https:\/\/i0.wp.com\/www.pedroandretta.info\/index\/wp-content\/uploads\/2024\/04\/image-25.png?resize=232%2C300&amp;ssl=1 232w, https:\/\/i0.wp.com\/www.pedroandretta.info\/index\/wp-content\/uploads\/2024\/04\/image-25.png?w=468&amp;ssl=1 468w\" sizes=\"(max-width: 463px) 100vw, 463px\" \/><\/figure>\n","protected":false},"excerpt":{"rendered":"<p>Indicadores de Gest\u00e3o da Comunica\u00e7\u00e3o para Bibliotecas Universit\u00e1rias Esta pesquisa tem como objetivo propor indicadores de gest\u00e3o de comunica\u00e7\u00e3o para bibliotecas universit\u00e1rias que permitam uma percep\u00e7\u00e3o sist\u00eamica. Metodologicamente \u00e9 uma pesquisa bibliogr\u00e1fica, explorat\u00f3ria, utilizou de question\u00e1rio e entrevista enquanto instrumento de coleta de dados. #Gest\u00e3oDeBibliotecas #BibliotecasUniversit\u00e1rias Dispon\u00edvel em: https:\/\/revistas.marilia.unesp.br\/index.php\/bjis\/article\/view\/15517<\/p>\n","protected":false},"author":1,"featured_media":0,"comment_status":"open","ping_status":"open","sticky":false,"template":"","format":"standard","meta":{"_jetpack_memberships_contains_paid_content":false,"footnotes":"","jetpack_publicize_message":"","jetpack_publicize_feature_enabled":true,"jetpack_social_post_already_shared":true,"jetpack_social_options":{"image_generator_settings":{"template":"highway","default_image_id":0,"font":"","enabled":false},"version":2}},"categories":[21],"tags":[114,1498],"class_list":["post-24411","post","type-post","status-publish","format-standard","hentry","category-informeci","tag-bibliotecasuniversitarias","tag-gestaodebibliotecas"],"jetpack_publicize_connections":[],"jetpack_featured_media_url":"","views":"","jetpack_sharing_enabled":true,"_links":{"self":[{"href":"https:\/\/www.pedroandretta.info\/index\/wp-json\/wp\/v2\/posts\/24411","targetHints":{"allow":["GET"]}}],"collection":[{"href":"https:\/\/www.pedroandretta.info\/index\/wp-json\/wp\/v2\/posts"}],"about":[{"href":"https:\/\/www.pedroandretta.info\/index\/wp-json\/wp\/v2\/types\/post"}],"author":[{"embeddable":true,"href":"https:\/\/www.pedroandretta.info\/index\/wp-json\/wp\/v2\/users\/1"}],"replies":[{"embeddable":true,"href":"https:\/\/www.pedroandretta.info\/index\/wp-json\/wp\/v2\/comments?post=24411"}],"version-history":[{"count":0,"href":"https:\/\/www.pedroandretta.info\/index\/wp-json\/wp\/v2\/posts\/24411\/revisions"}],"wp:attachment":[{"href":"https:\/\/www.pedroandretta.info\/index\/wp-json\/wp\/v2\/media?parent=24411"}],"wp:term":[{"taxonomy":"category","embeddable":true,"href":"https:\/\/www.pedroandretta.info\/index\/wp-json\/wp\/v2\/categories?post=24411"},{"taxonomy":"post_tag","embeddable":true,"href":"https:\/\/www.pedroandretta.info\/index\/wp-json\/wp\/v2\/tags?post=24411"}],"curies":[{"name":"wp","href":"https:\/\/api.w.org\/{rel}","templated":true}]}}