{"id":24461,"date":"2024-04-13T11:56:03","date_gmt":"2024-04-13T15:56:03","guid":{"rendered":"https:\/\/www.pedroandretta.info\/index\/?p=24461"},"modified":"2024-04-13T11:56:07","modified_gmt":"2024-04-13T15:56:07","slug":"conheca-a-obra-a-biblioteconomia-sob-olhar-biografico-abordagens-sobre-autores-internacionais-e-nacionais","status":"publish","type":"post","link":"https:\/\/www.pedroandretta.info\/index\/2024\/04\/conheca-a-obra-a-biblioteconomia-sob-olhar-biografico-abordagens-sobre-autores-internacionais-e-nacionais\/","title":{"rendered":"Conhe\u00e7a a obra: A Biblioteconomia sob olhar biogr\u00e1fico: abordagens sobre autores internacionais e nacionais"},"content":{"rendered":"\n<p><strong>Conhe\u00e7a a obra: A Biblioteconomia sob olhar biogr\u00e1fico: abordagens sobre autores internacionais e nacionais<\/strong><\/p>\n\n\n\n<p>\u201cA obra foi estruturada em 16 cap\u00edtulos, sendo 1 cap\u00edtulo que anuncia a obra; 9 cap\u00edtulos para autorias internacionais: Gabriel Naud\u00e9, Charles Ammi Cutter, Melvil Dewey, Ranganathan, Pierce Butler, Bliss, Jesse Shera, Lancaster, e Nitecki; e 6 cap\u00edtulos para autorias nacionais: representantes da Biblioteca Nacional, Rubens Borba de Moraes, Manuel Bastos Tigre, Lydia de Queiroz Sambaquy, Laura Garcia Moreno Russo e Edson Nery da Fonseca\u201d, recordam o Prof. Dr. Jonathas Silva e a Bib. Me. Izabel Santos.<\/p>\n\n\n\n<p>via Divulga-CI<\/p>\n\n\n\n<p>#Biografias #Hist\u00f3riaDaBiblioteconomia #LivrosCI<\/p>\n\n\n\n<p>Dispon\u00edvel em: <a href=\"https:\/\/www.divulgaci.labci.online\/v-2-n-3-mar-2024\/conheca-a-obra-a-biblioteconomia-sob-olhar-biografico-abordagens-sobre-autores-internacionais-e-nacionais-por-jonathas-silva-e-izabel-santos\/\">https:\/\/www.divulgaci.labci.online\/v-2-n-3-mar-2024\/conheca-a-obra-a-biblioteconomia-sob-olhar-biografico-abordagens-sobre-autores-internacionais-e-nacionais-por-jonathas-silva-e-izabel-santos\/<\/a><\/p>\n\n\n\n<figure class=\"wp-block-image size-large\"><img data-recalc-dims=\"1\" decoding=\"async\" width=\"425\" height=\"600\" src=\"https:\/\/i0.wp.com\/www.pedroandretta.info\/index\/wp-content\/uploads\/2024\/04\/image-38.png?resize=425%2C600&#038;ssl=1\" alt=\"\" class=\"wp-image-24462\" srcset=\"https:\/\/i0.wp.com\/www.pedroandretta.info\/index\/wp-content\/uploads\/2024\/04\/image-38.png?resize=425%2C600&amp;ssl=1 425w, https:\/\/i0.wp.com\/www.pedroandretta.info\/index\/wp-content\/uploads\/2024\/04\/image-38.png?resize=212%2C300&amp;ssl=1 212w, https:\/\/i0.wp.com\/www.pedroandretta.info\/index\/wp-content\/uploads\/2024\/04\/image-38.png?w=429&amp;ssl=1 429w\" sizes=\"(max-width: 425px) 100vw, 425px\" \/><\/figure>\n","protected":false},"excerpt":{"rendered":"<p>Conhe\u00e7a a obra: A Biblioteconomia sob olhar biogr\u00e1fico: abordagens sobre autores internacionais e nacionais \u201cA obra foi estruturada em 16 cap\u00edtulos, sendo 1 cap\u00edtulo que anuncia a obra; 9 cap\u00edtulos para autorias internacionais: Gabriel Naud\u00e9, Charles Ammi Cutter, Melvil Dewey, Ranganathan, Pierce Butler, Bliss, Jesse Shera, Lancaster, e Nitecki; e 6 cap\u00edtulos para autorias nacionais:<\/p><\/div>\n<div class=\"blog-btn\"><a href=\"https:\/\/www.pedroandretta.info\/index\/2024\/04\/conheca-a-obra-a-biblioteconomia-sob-olhar-biografico-abordagens-sobre-autores-internacionais-e-nacionais\/\" class=\"home-blog-btn\">Ler mais<\/a><\/p>\n","protected":false},"author":1,"featured_media":0,"comment_status":"open","ping_status":"open","sticky":false,"template":"","format":"standard","meta":{"_jetpack_memberships_contains_paid_content":false,"footnotes":"","jetpack_publicize_message":"","jetpack_publicize_feature_enabled":true,"jetpack_social_post_already_shared":true,"jetpack_social_options":{"image_generator_settings":{"template":"highway","default_image_id":0,"font":"","enabled":false},"version":2}},"categories":[21],"tags":[1671,1330,1733],"class_list":["post-24461","post","type-post","status-publish","format-standard","hentry","category-informeci","tag-biografias","tag-historiadabiblioteconomia","tag-livrosci"],"jetpack_publicize_connections":[],"jetpack_featured_media_url":"","views":"","jetpack_sharing_enabled":true,"_links":{"self":[{"href":"https:\/\/www.pedroandretta.info\/index\/wp-json\/wp\/v2\/posts\/24461","targetHints":{"allow":["GET"]}}],"collection":[{"href":"https:\/\/www.pedroandretta.info\/index\/wp-json\/wp\/v2\/posts"}],"about":[{"href":"https:\/\/www.pedroandretta.info\/index\/wp-json\/wp\/v2\/types\/post"}],"author":[{"embeddable":true,"href":"https:\/\/www.pedroandretta.info\/index\/wp-json\/wp\/v2\/users\/1"}],"replies":[{"embeddable":true,"href":"https:\/\/www.pedroandretta.info\/index\/wp-json\/wp\/v2\/comments?post=24461"}],"version-history":[{"count":0,"href":"https:\/\/www.pedroandretta.info\/index\/wp-json\/wp\/v2\/posts\/24461\/revisions"}],"wp:attachment":[{"href":"https:\/\/www.pedroandretta.info\/index\/wp-json\/wp\/v2\/media?parent=24461"}],"wp:term":[{"taxonomy":"category","embeddable":true,"href":"https:\/\/www.pedroandretta.info\/index\/wp-json\/wp\/v2\/categories?post=24461"},{"taxonomy":"post_tag","embeddable":true,"href":"https:\/\/www.pedroandretta.info\/index\/wp-json\/wp\/v2\/tags?post=24461"}],"curies":[{"name":"wp","href":"https:\/\/api.w.org\/{rel}","templated":true}]}}