{"id":24493,"date":"2024-04-15T20:41:52","date_gmt":"2024-04-16T00:41:52","guid":{"rendered":"https:\/\/www.pedroandretta.info\/index\/?p=24493"},"modified":"2024-04-15T20:41:56","modified_gmt":"2024-04-16T00:41:56","slug":"greve-de-professores-de-federais-comeca-com-adesao-de-ao-menos-21-instituicoes-diz-sindicato","status":"publish","type":"post","link":"https:\/\/www.pedroandretta.info\/index\/2024\/04\/greve-de-professores-de-federais-comeca-com-adesao-de-ao-menos-21-instituicoes-diz-sindicato\/","title":{"rendered":"Greve de professores de federais come\u00e7a com ades\u00e3o de ao menos 21 institui\u00e7\u00f5es, diz sindicato"},"content":{"rendered":"\n<p><strong>Greve de professores de federais come\u00e7a com ades\u00e3o de ao menos 21 institui\u00e7\u00f5es, diz sindicato<\/strong><\/p>\n\n\n\n<p>Segundo balan\u00e7o da Andifes (\u00f3rg\u00e3o que re\u00fane reitores das universidades) no fim do dia, 18 universidades ainda far\u00e3o assembleia para decidir sobre ades\u00e3o e 12 decidiram por n\u00e3o aderir \u00e0 greve. A organiza\u00e7\u00e3o diz que 15 universidades teriam decidido pela greve at\u00e9 agora: UFV, UFC, UFCA, UFPel, UnB, UFMA, UFCSPA, Unir, Ufop, UFV, UFPR, Unifesspa, UFTP, FURG e UFMG.<\/p>\n\n\n\n<p>via Folha de S. Paulo<\/p>\n\n\n\n<p>#Greve<\/p>\n\n\n\n<p>Dispon\u00edvel em: <a href=\"https:\/\/www1.folha.uol.com.br\/educacao\/2024\/04\/greve-de-professores-de-federais-comeca-com-adesao-de-ao-menos-21-instituicoes-diz-sindicato.shtml\">https:\/\/www1.folha.uol.com.br\/educacao\/2024\/04\/greve-de-professores-de-federais-comeca-com-adesao-de-ao-menos-21-instituicoes-diz-sindicato.shtml<\/a><\/p>\n","protected":false},"excerpt":{"rendered":"<p>Greve de professores de federais come\u00e7a com ades\u00e3o de ao menos 21 institui\u00e7\u00f5es, diz sindicato Segundo balan\u00e7o da Andifes (\u00f3rg\u00e3o que re\u00fane reitores das universidades) no fim do dia, 18 universidades ainda far\u00e3o assembleia para decidir sobre ades\u00e3o e 12 decidiram por n\u00e3o aderir \u00e0 greve. A organiza\u00e7\u00e3o diz que 15 universidades teriam decidido pela<\/p><\/div>\n<div class=\"blog-btn\"><a href=\"https:\/\/www.pedroandretta.info\/index\/2024\/04\/greve-de-professores-de-federais-comeca-com-adesao-de-ao-menos-21-instituicoes-diz-sindicato\/\" class=\"home-blog-btn\">Ler mais<\/a><\/p>\n","protected":false},"author":1,"featured_media":0,"comment_status":"open","ping_status":"open","sticky":false,"template":"","format":"standard","meta":{"_jetpack_memberships_contains_paid_content":false,"footnotes":"","jetpack_publicize_message":"","jetpack_publicize_feature_enabled":true,"jetpack_social_post_already_shared":true,"jetpack_social_options":{"image_generator_settings":{"template":"highway","default_image_id":0,"font":"","enabled":false},"version":2}},"categories":[21],"tags":[3686],"class_list":["post-24493","post","type-post","status-publish","format-standard","hentry","category-informeci","tag-greve"],"jetpack_publicize_connections":[],"jetpack_featured_media_url":"","views":"","jetpack_sharing_enabled":true,"_links":{"self":[{"href":"https:\/\/www.pedroandretta.info\/index\/wp-json\/wp\/v2\/posts\/24493","targetHints":{"allow":["GET"]}}],"collection":[{"href":"https:\/\/www.pedroandretta.info\/index\/wp-json\/wp\/v2\/posts"}],"about":[{"href":"https:\/\/www.pedroandretta.info\/index\/wp-json\/wp\/v2\/types\/post"}],"author":[{"embeddable":true,"href":"https:\/\/www.pedroandretta.info\/index\/wp-json\/wp\/v2\/users\/1"}],"replies":[{"embeddable":true,"href":"https:\/\/www.pedroandretta.info\/index\/wp-json\/wp\/v2\/comments?post=24493"}],"version-history":[{"count":0,"href":"https:\/\/www.pedroandretta.info\/index\/wp-json\/wp\/v2\/posts\/24493\/revisions"}],"wp:attachment":[{"href":"https:\/\/www.pedroandretta.info\/index\/wp-json\/wp\/v2\/media?parent=24493"}],"wp:term":[{"taxonomy":"category","embeddable":true,"href":"https:\/\/www.pedroandretta.info\/index\/wp-json\/wp\/v2\/categories?post=24493"},{"taxonomy":"post_tag","embeddable":true,"href":"https:\/\/www.pedroandretta.info\/index\/wp-json\/wp\/v2\/tags?post=24493"}],"curies":[{"name":"wp","href":"https:\/\/api.w.org\/{rel}","templated":true}]}}