{"id":24496,"date":"2024-04-15T20:45:37","date_gmt":"2024-04-16T00:45:37","guid":{"rendered":"https:\/\/www.pedroandretta.info\/index\/?p=24496"},"modified":"2024-04-15T20:45:41","modified_gmt":"2024-04-16T00:45:41","slug":"declaracao-conjunta-sobre-os-direitos-de-metadados-das-bibliotecas","status":"publish","type":"post","link":"https:\/\/www.pedroandretta.info\/index\/2024\/04\/declaracao-conjunta-sobre-os-direitos-de-metadados-das-bibliotecas\/","title":{"rendered":"Declara\u00e7\u00e3o Conjunta sobre os Direitos de Metadados das Bibliotecas"},"content":{"rendered":"\n<p>Declara\u00e7\u00e3o Conjunta sobre os Direitos de Metadados das Bibliotecas<\/p>\n\n\n\n<p>A Declara\u00e7\u00e3o Conjunta sobre Direitos de Metadados de Bibliotecas, publicada em 21 de mar\u00e7o de 2023 pela ALA Core e ICOLC, apela a todas as organiza\u00e7\u00f5es, tanto com fins lucrativos como sem fins lucrativos, a protegerem os direitos e interesses das bibliotecas para usar, reutilizar e adaptar. , agregar e compartilhar metadados que descrevem cole\u00e7\u00f5es de bibliotecas de interesse p\u00fablico, sem restri\u00e7\u00e3o ou limita\u00e7\u00e3o.<\/p>\n\n\n\n<p>#Metadados<\/p>\n\n\n\n<p>Dispon\u00edvel em: <a href=\"https:\/\/icolc.net\/system\/files\/Joint%20ALA%20Core%20%26%20ICOLC%20Statement%20on%20Metdata%20Rights%20of%20Libraries_3.21.23_0.pdf\">https:\/\/icolc.net\/system\/files\/Joint%20ALA%20Core%20%26%20ICOLC%20Statement%20on%20Metdata%20Rights%20of%20Libraries_3.21.23_0.pdf<\/a><\/p>\n\n\n\n<figure class=\"wp-block-image size-large\"><img data-recalc-dims=\"1\" decoding=\"async\" width=\"463\" height=\"600\" src=\"https:\/\/i0.wp.com\/www.pedroandretta.info\/index\/wp-content\/uploads\/2024\/04\/image-47.png?resize=463%2C600&#038;ssl=1\" alt=\"\" class=\"wp-image-24497\" srcset=\"https:\/\/i0.wp.com\/www.pedroandretta.info\/index\/wp-content\/uploads\/2024\/04\/image-47.png?resize=463%2C600&amp;ssl=1 463w, https:\/\/i0.wp.com\/www.pedroandretta.info\/index\/wp-content\/uploads\/2024\/04\/image-47.png?resize=232%2C300&amp;ssl=1 232w, https:\/\/i0.wp.com\/www.pedroandretta.info\/index\/wp-content\/uploads\/2024\/04\/image-47.png?w=468&amp;ssl=1 468w\" sizes=\"(max-width: 463px) 100vw, 463px\" \/><\/figure>\n","protected":false},"excerpt":{"rendered":"<p>Declara\u00e7\u00e3o Conjunta sobre os Direitos de Metadados das Bibliotecas A Declara\u00e7\u00e3o Conjunta sobre Direitos de Metadados de Bibliotecas, publicada em 21 de mar\u00e7o de 2023 pela ALA Core e ICOLC, apela a todas as organiza\u00e7\u00f5es, tanto com fins lucrativos como sem fins lucrativos, a protegerem os direitos e interesses das bibliotecas para usar, reutilizar e<\/p><\/div>\n<div class=\"blog-btn\"><a href=\"https:\/\/www.pedroandretta.info\/index\/2024\/04\/declaracao-conjunta-sobre-os-direitos-de-metadados-das-bibliotecas\/\" class=\"home-blog-btn\">Ler mais<\/a><\/p>\n","protected":false},"author":1,"featured_media":0,"comment_status":"open","ping_status":"open","sticky":false,"template":"","format":"standard","meta":{"_jetpack_memberships_contains_paid_content":false,"footnotes":"","jetpack_publicize_message":"","jetpack_publicize_feature_enabled":true,"jetpack_social_post_already_shared":true,"jetpack_social_options":{"image_generator_settings":{"template":"highway","default_image_id":0,"font":"","enabled":false},"version":2}},"categories":[21],"tags":[76],"class_list":["post-24496","post","type-post","status-publish","format-standard","hentry","category-informeci","tag-metadados"],"jetpack_publicize_connections":[],"jetpack_featured_media_url":"","views":"","jetpack_sharing_enabled":true,"_links":{"self":[{"href":"https:\/\/www.pedroandretta.info\/index\/wp-json\/wp\/v2\/posts\/24496","targetHints":{"allow":["GET"]}}],"collection":[{"href":"https:\/\/www.pedroandretta.info\/index\/wp-json\/wp\/v2\/posts"}],"about":[{"href":"https:\/\/www.pedroandretta.info\/index\/wp-json\/wp\/v2\/types\/post"}],"author":[{"embeddable":true,"href":"https:\/\/www.pedroandretta.info\/index\/wp-json\/wp\/v2\/users\/1"}],"replies":[{"embeddable":true,"href":"https:\/\/www.pedroandretta.info\/index\/wp-json\/wp\/v2\/comments?post=24496"}],"version-history":[{"count":0,"href":"https:\/\/www.pedroandretta.info\/index\/wp-json\/wp\/v2\/posts\/24496\/revisions"}],"wp:attachment":[{"href":"https:\/\/www.pedroandretta.info\/index\/wp-json\/wp\/v2\/media?parent=24496"}],"wp:term":[{"taxonomy":"category","embeddable":true,"href":"https:\/\/www.pedroandretta.info\/index\/wp-json\/wp\/v2\/categories?post=24496"},{"taxonomy":"post_tag","embeddable":true,"href":"https:\/\/www.pedroandretta.info\/index\/wp-json\/wp\/v2\/tags?post=24496"}],"curies":[{"name":"wp","href":"https:\/\/api.w.org\/{rel}","templated":true}]}}