{"id":24499,"date":"2024-04-15T20:51:34","date_gmt":"2024-04-16T00:51:34","guid":{"rendered":"https:\/\/www.pedroandretta.info\/index\/?p=24499"},"modified":"2024-04-15T20:51:40","modified_gmt":"2024-04-16T00:51:40","slug":"pesquisador-da-ufrn-analisa-os-desafios-da-desinformacao-eleitoral-no-tribunal-regional-eleitoral-do-rio-grande-do-norte","status":"publish","type":"post","link":"https:\/\/www.pedroandretta.info\/index\/2024\/04\/pesquisador-da-ufrn-analisa-os-desafios-da-desinformacao-eleitoral-no-tribunal-regional-eleitoral-do-rio-grande-do-norte\/","title":{"rendered":"Pesquisador da UFRN analisa os desafios da Desinforma\u00e7\u00e3o Eleitoral no Tribunal Regional Eleitoral do Rio Grande do Norte"},"content":{"rendered":"\n<p><strong>Pesquisador da UFRN analisa os desafios da Desinforma\u00e7\u00e3o Eleitoral no Tribunal Regional Eleitoral do Rio Grande do Norte<\/strong><\/p>\n\n\n\n<p>\u201cO processo eleitoral \u00e9 crucial nas democracias representativas, como a brasileira, permitindo que os cidad\u00e3os expressem sua vontade pelo voto. Os eleitores escolhem pol\u00edticos alinhados com seus ideais, e a agenda mais apoiada pela maioria orienta as a\u00e7\u00f5es dos eleitos\u201d, destaca Jo\u00e3o Koerig, egresso do curso de mestrado do Programa de Mestrado Profissional em Gest\u00e3o da Informa\u00e7\u00e3o e do Conhecimento (PPGIC) da UFRN e autor do estudo.<\/p>\n\n\n\n<p>via Divulga-CI<\/p>\n\n\n\n<p>#Desinforma\u00e7\u00e3o #Elei\u00e7\u00f5es<\/p>\n\n\n\n<p>Dispon\u00edvel em: <a href=\"https:\/\/www.divulgaci.labci.online\/v-2-n-3-mar-2024\/pesquisador-da-ufrn-analisa-os-desafios-da-desinformacao-eleitoral-no-tribunal-regional-eleitoral-do-rio-grande-do-norte\/\">https:\/\/www.divulgaci.labci.online\/v-2-n-3-mar-2024\/pesquisador-da-ufrn-analisa-os-desafios-da-desinformacao-eleitoral-no-tribunal-regional-eleitoral-do-rio-grande-do-norte\/<\/a><\/p>\n\n\n\n<figure class=\"wp-block-image size-large\"><img data-recalc-dims=\"1\" decoding=\"async\" width=\"425\" height=\"600\" src=\"https:\/\/i0.wp.com\/www.pedroandretta.info\/index\/wp-content\/uploads\/2024\/04\/image-48.png?resize=425%2C600&#038;ssl=1\" alt=\"\" class=\"wp-image-24500\" srcset=\"https:\/\/i0.wp.com\/www.pedroandretta.info\/index\/wp-content\/uploads\/2024\/04\/image-48.png?resize=425%2C600&amp;ssl=1 425w, https:\/\/i0.wp.com\/www.pedroandretta.info\/index\/wp-content\/uploads\/2024\/04\/image-48.png?resize=212%2C300&amp;ssl=1 212w, https:\/\/i0.wp.com\/www.pedroandretta.info\/index\/wp-content\/uploads\/2024\/04\/image-48.png?w=429&amp;ssl=1 429w\" sizes=\"(max-width: 425px) 100vw, 425px\" \/><\/figure>\n","protected":false},"excerpt":{"rendered":"<p>Pesquisador da UFRN analisa os desafios da Desinforma\u00e7\u00e3o Eleitoral no Tribunal Regional Eleitoral do Rio Grande do Norte \u201cO processo eleitoral \u00e9 crucial nas democracias representativas, como a brasileira, permitindo que os cidad\u00e3os expressem sua vontade pelo voto. Os eleitores escolhem pol\u00edticos alinhados com seus ideais, e a agenda mais apoiada pela maioria orienta as<\/p><\/div>\n<div class=\"blog-btn\"><a href=\"https:\/\/www.pedroandretta.info\/index\/2024\/04\/pesquisador-da-ufrn-analisa-os-desafios-da-desinformacao-eleitoral-no-tribunal-regional-eleitoral-do-rio-grande-do-norte\/\" class=\"home-blog-btn\">Ler mais<\/a><\/p>\n","protected":false},"author":1,"featured_media":0,"comment_status":"open","ping_status":"open","sticky":false,"template":"","format":"standard","meta":{"_jetpack_memberships_contains_paid_content":false,"footnotes":"","jetpack_publicize_message":"","jetpack_publicize_feature_enabled":true,"jetpack_social_post_already_shared":true,"jetpack_social_options":{"image_generator_settings":{"template":"highway","default_image_id":0,"font":"","enabled":false},"version":2}},"categories":[21],"tags":[142,143],"class_list":["post-24499","post","type-post","status-publish","format-standard","hentry","category-informeci","tag-desinformacao","tag-eleicoes"],"jetpack_publicize_connections":[],"jetpack_featured_media_url":"","views":"","jetpack_sharing_enabled":true,"_links":{"self":[{"href":"https:\/\/www.pedroandretta.info\/index\/wp-json\/wp\/v2\/posts\/24499","targetHints":{"allow":["GET"]}}],"collection":[{"href":"https:\/\/www.pedroandretta.info\/index\/wp-json\/wp\/v2\/posts"}],"about":[{"href":"https:\/\/www.pedroandretta.info\/index\/wp-json\/wp\/v2\/types\/post"}],"author":[{"embeddable":true,"href":"https:\/\/www.pedroandretta.info\/index\/wp-json\/wp\/v2\/users\/1"}],"replies":[{"embeddable":true,"href":"https:\/\/www.pedroandretta.info\/index\/wp-json\/wp\/v2\/comments?post=24499"}],"version-history":[{"count":0,"href":"https:\/\/www.pedroandretta.info\/index\/wp-json\/wp\/v2\/posts\/24499\/revisions"}],"wp:attachment":[{"href":"https:\/\/www.pedroandretta.info\/index\/wp-json\/wp\/v2\/media?parent=24499"}],"wp:term":[{"taxonomy":"category","embeddable":true,"href":"https:\/\/www.pedroandretta.info\/index\/wp-json\/wp\/v2\/categories?post=24499"},{"taxonomy":"post_tag","embeddable":true,"href":"https:\/\/www.pedroandretta.info\/index\/wp-json\/wp\/v2\/tags?post=24499"}],"curies":[{"name":"wp","href":"https:\/\/api.w.org\/{rel}","templated":true}]}}