{"id":24527,"date":"2024-04-18T09:26:04","date_gmt":"2024-04-18T13:26:04","guid":{"rendered":"https:\/\/www.pedroandretta.info\/index\/?p=24527"},"modified":"2024-04-18T09:26:09","modified_gmt":"2024-04-18T13:26:09","slug":"sem-biblioteca-nem-psicologo-a-vida-nas-escolas-brasileiras","status":"publish","type":"post","link":"https:\/\/www.pedroandretta.info\/index\/2024\/04\/sem-biblioteca-nem-psicologo-a-vida-nas-escolas-brasileiras\/","title":{"rendered":"Sem biblioteca nem psic\u00f3logo: a vida nas escolas brasileiras"},"content":{"rendered":"\n<p><strong>Sem biblioteca nem psic\u00f3logo: a vida nas escolas brasileiras<\/strong><\/p>\n\n\n\n<p>Somando todas as redes de ensino, apenas 52% das escolas brasileiras t\u00eam biblioteca ou sala de leitura. Nas zonas rurais, onde est\u00e3o localizadas quase um ter\u00e7o das escolas, o n\u00famero cai para 26%. O problema \u00e9 mais agudo na Regi\u00e3o Norte.<\/p>\n\n\n\n<p>via Piaui<\/p>\n\n\n\n<p>#Educa\u00e7\u00e3oBrasileira #BibliotecasEscolares #Educa\u00e7\u00e3oB\u00e1sica #Professores<\/p>\n\n\n\n<p>Dispon\u00edvel em: <a href=\"https:\/\/piaui.folha.uol.com.br\/biblioteca-psicologo-censo-escolar-inep\/\">https:\/\/piaui.folha.uol.com.br\/biblioteca-psicologo-censo-escolar-inep\/<\/a><\/p>\n\n\n\n<figure class=\"wp-block-image size-full\"><img data-recalc-dims=\"1\" decoding=\"async\" width=\"322\" height=\"463\" src=\"https:\/\/i0.wp.com\/www.pedroandretta.info\/index\/wp-content\/uploads\/2024\/04\/image-53.png?resize=322%2C463&#038;ssl=1\" alt=\"\" class=\"wp-image-24528\" srcset=\"https:\/\/i0.wp.com\/www.pedroandretta.info\/index\/wp-content\/uploads\/2024\/04\/image-53.png?w=322&amp;ssl=1 322w, https:\/\/i0.wp.com\/www.pedroandretta.info\/index\/wp-content\/uploads\/2024\/04\/image-53.png?resize=209%2C300&amp;ssl=1 209w\" sizes=\"(max-width: 322px) 100vw, 322px\" \/><\/figure>\n","protected":false},"excerpt":{"rendered":"<p>Sem biblioteca nem psic\u00f3logo: a vida nas escolas brasileiras Somando todas as redes de ensino, apenas 52% das escolas brasileiras t\u00eam biblioteca ou sala de leitura. Nas zonas rurais, onde est\u00e3o localizadas quase um ter\u00e7o das escolas, o n\u00famero cai para 26%. O problema \u00e9 mais agudo na Regi\u00e3o Norte. via Piaui #Educa\u00e7\u00e3oBrasileira #BibliotecasEscolares #Educa\u00e7\u00e3oB\u00e1sica<\/p><\/div>\n<div class=\"blog-btn\"><a href=\"https:\/\/www.pedroandretta.info\/index\/2024\/04\/sem-biblioteca-nem-psicologo-a-vida-nas-escolas-brasileiras\/\" class=\"home-blog-btn\">Ler mais<\/a><\/p>\n","protected":false},"author":1,"featured_media":0,"comment_status":"open","ping_status":"open","sticky":false,"template":"","format":"standard","meta":{"_jetpack_memberships_contains_paid_content":false,"footnotes":"","jetpack_publicize_message":"","jetpack_publicize_feature_enabled":true,"jetpack_social_post_already_shared":true,"jetpack_social_options":{"image_generator_settings":{"template":"highway","default_image_id":0,"font":"","enabled":false},"version":2}},"categories":[21],"tags":[79,45,1952,44],"class_list":["post-24527","post","type-post","status-publish","format-standard","hentry","category-informeci","tag-bibliotecasescolares","tag-educacao","tag-educacaobasica","tag-professores"],"jetpack_publicize_connections":[],"jetpack_featured_media_url":"","views":"","jetpack_sharing_enabled":true,"_links":{"self":[{"href":"https:\/\/www.pedroandretta.info\/index\/wp-json\/wp\/v2\/posts\/24527","targetHints":{"allow":["GET"]}}],"collection":[{"href":"https:\/\/www.pedroandretta.info\/index\/wp-json\/wp\/v2\/posts"}],"about":[{"href":"https:\/\/www.pedroandretta.info\/index\/wp-json\/wp\/v2\/types\/post"}],"author":[{"embeddable":true,"href":"https:\/\/www.pedroandretta.info\/index\/wp-json\/wp\/v2\/users\/1"}],"replies":[{"embeddable":true,"href":"https:\/\/www.pedroandretta.info\/index\/wp-json\/wp\/v2\/comments?post=24527"}],"version-history":[{"count":0,"href":"https:\/\/www.pedroandretta.info\/index\/wp-json\/wp\/v2\/posts\/24527\/revisions"}],"wp:attachment":[{"href":"https:\/\/www.pedroandretta.info\/index\/wp-json\/wp\/v2\/media?parent=24527"}],"wp:term":[{"taxonomy":"category","embeddable":true,"href":"https:\/\/www.pedroandretta.info\/index\/wp-json\/wp\/v2\/categories?post=24527"},{"taxonomy":"post_tag","embeddable":true,"href":"https:\/\/www.pedroandretta.info\/index\/wp-json\/wp\/v2\/tags?post=24527"}],"curies":[{"name":"wp","href":"https:\/\/api.w.org\/{rel}","templated":true}]}}