{"id":24542,"date":"2024-04-19T19:13:17","date_gmt":"2024-04-19T23:13:17","guid":{"rendered":"https:\/\/www.pedroandretta.info\/index\/?p=24542"},"modified":"2024-04-19T19:13:22","modified_gmt":"2024-04-19T23:13:22","slug":"o-trabalho-invisivel-e-a-falacia-do-professor-que-nao-gosta-de-trabalhar","status":"publish","type":"post","link":"https:\/\/www.pedroandretta.info\/index\/2024\/04\/o-trabalho-invisivel-e-a-falacia-do-professor-que-nao-gosta-de-trabalhar\/","title":{"rendered":"O trabalho invis\u00edvel e a fal\u00e1cia do \u201cprofessor que n\u00e3o gosta de trabalhar\u201d"},"content":{"rendered":"\n<p><strong>O trabalho invis\u00edvel e a fal\u00e1cia do \u201cprofessor que n\u00e3o gosta de trabalhar\u201d<\/strong><\/p>\n\n\n\n<p>Dizer que professor n\u00e3o trabalha porque s\u00f3 enxerga com carga hor\u00e1ria laboral as 2h de sala de aula, \u00e9 o mesmo que dizer que um cantor s\u00f3 trabalha na hora que canta, que uma bailarina s\u00f3 trabalha quando dan\u00e7a e que um advogado s\u00f3 trabalha quando escreve um documento. Que o trabalho de um ceramista \u00e9 a cer\u00e2mica, que o trabalho de um poeta \u00e9 a poesia escrita. \u00c9 dizer que o trabalho da natureza \u00e9 apenas a floresta pronta. Onde est\u00e3o os anos de forma\u00e7\u00e3o, de dedica\u00e7\u00e3o, de aperfei\u00e7oamento e de pr\u00e1tica?<\/p>\n\n\n\n<p>#ProfessoresUniversit\u00e1rios<\/p>\n\n\n\n<p>Dispon\u00edvel em: <a href=\"https:\/\/periodicos.fgv.br\/cgpc\/announcement\/view\/270\">https:\/\/periodicos.fgv.br\/cgpc\/announcement\/view\/270<\/a><\/p>\n\n\n\n<figure class=\"wp-block-image size-large\"><img data-recalc-dims=\"1\" decoding=\"async\" width=\"600\" height=\"375\" src=\"https:\/\/i0.wp.com\/www.pedroandretta.info\/index\/wp-content\/uploads\/2024\/04\/image-56.png?resize=600%2C375&#038;ssl=1\" alt=\"\" class=\"wp-image-24543\" srcset=\"https:\/\/i0.wp.com\/www.pedroandretta.info\/index\/wp-content\/uploads\/2024\/04\/image-56.png?resize=600%2C375&amp;ssl=1 600w, https:\/\/i0.wp.com\/www.pedroandretta.info\/index\/wp-content\/uploads\/2024\/04\/image-56.png?resize=300%2C187&amp;ssl=1 300w, https:\/\/i0.wp.com\/www.pedroandretta.info\/index\/wp-content\/uploads\/2024\/04\/image-56.png?resize=768%2C480&amp;ssl=1 768w, https:\/\/i0.wp.com\/www.pedroandretta.info\/index\/wp-content\/uploads\/2024\/04\/image-56.png?w=780&amp;ssl=1 780w\" sizes=\"(max-width: 600px) 100vw, 600px\" \/><\/figure>\n","protected":false},"excerpt":{"rendered":"<p>O trabalho invis\u00edvel e a fal\u00e1cia do \u201cprofessor que n\u00e3o gosta de trabalhar\u201d Dizer que professor n\u00e3o trabalha porque s\u00f3 enxerga com carga hor\u00e1ria laboral as 2h de sala de aula, \u00e9 o mesmo que dizer que um cantor s\u00f3 trabalha na hora que canta, que uma bailarina s\u00f3 trabalha quando dan\u00e7a e que um<\/p><\/div>\n<div class=\"blog-btn\"><a href=\"https:\/\/www.pedroandretta.info\/index\/2024\/04\/o-trabalho-invisivel-e-a-falacia-do-professor-que-nao-gosta-de-trabalhar\/\" class=\"home-blog-btn\">Ler mais<\/a><\/p>\n","protected":false},"author":1,"featured_media":0,"comment_status":"open","ping_status":"open","sticky":false,"template":"","format":"standard","meta":{"_jetpack_memberships_contains_paid_content":false,"footnotes":"","jetpack_publicize_message":"","jetpack_publicize_feature_enabled":true,"jetpack_social_post_already_shared":true,"jetpack_social_options":{"image_generator_settings":{"template":"highway","default_image_id":0,"font":"","enabled":false},"version":2}},"categories":[21],"tags":[44,3685],"class_list":["post-24542","post","type-post","status-publish","format-standard","hentry","category-informeci","tag-professores","tag-professoresuniversitarios"],"jetpack_publicize_connections":[],"jetpack_featured_media_url":"","views":"","jetpack_sharing_enabled":true,"_links":{"self":[{"href":"https:\/\/www.pedroandretta.info\/index\/wp-json\/wp\/v2\/posts\/24542","targetHints":{"allow":["GET"]}}],"collection":[{"href":"https:\/\/www.pedroandretta.info\/index\/wp-json\/wp\/v2\/posts"}],"about":[{"href":"https:\/\/www.pedroandretta.info\/index\/wp-json\/wp\/v2\/types\/post"}],"author":[{"embeddable":true,"href":"https:\/\/www.pedroandretta.info\/index\/wp-json\/wp\/v2\/users\/1"}],"replies":[{"embeddable":true,"href":"https:\/\/www.pedroandretta.info\/index\/wp-json\/wp\/v2\/comments?post=24542"}],"version-history":[{"count":0,"href":"https:\/\/www.pedroandretta.info\/index\/wp-json\/wp\/v2\/posts\/24542\/revisions"}],"wp:attachment":[{"href":"https:\/\/www.pedroandretta.info\/index\/wp-json\/wp\/v2\/media?parent=24542"}],"wp:term":[{"taxonomy":"category","embeddable":true,"href":"https:\/\/www.pedroandretta.info\/index\/wp-json\/wp\/v2\/categories?post=24542"},{"taxonomy":"post_tag","embeddable":true,"href":"https:\/\/www.pedroandretta.info\/index\/wp-json\/wp\/v2\/tags?post=24542"}],"curies":[{"name":"wp","href":"https:\/\/api.w.org\/{rel}","templated":true}]}}