{"id":24629,"date":"2024-04-27T12:39:07","date_gmt":"2024-04-27T16:39:07","guid":{"rendered":"https:\/\/www.pedroandretta.info\/index\/?p=24629"},"modified":"2024-04-27T12:39:11","modified_gmt":"2024-04-27T16:39:11","slug":"greve-das-federais-reflete-decada-de-desfinanciamento","status":"publish","type":"post","link":"https:\/\/www.pedroandretta.info\/index\/2024\/04\/greve-das-federais-reflete-decada-de-desfinanciamento\/","title":{"rendered":"Greve das federais reflete d\u00e9cada de desfinanciamento"},"content":{"rendered":"\n<p><strong>Greve das federais reflete d\u00e9cada de desfinanciamento<\/strong><\/p>\n\n\n\n<p>Em S\u00e3o Paulo, na Universidade Federal do ABC (UFABC), o valor real investido por estudante caiu 28,8% entre 2018 e 2022, no governo do presidente Jair Bolsonaro; j\u00e1 no per\u00edodo entre 2010 e 2021, a queda total foi de 72,7%.<\/p>\n\n\n\n<p>O n\u00famero de alunos, aulas e servi\u00e7os prestados, no entanto, n\u00e3o parou de crescer. Entre 2010 e 2021, a rela\u00e7\u00e3o de alunos matriculados na UFABC por docente subiu de 10,2 para 21; em rela\u00e7\u00e3o aos funcion\u00e1rios, saltou de 10,8 para 22.<\/p>\n\n\n\n<p>#Greve #UniversidadesP\u00fablicas<\/p>\n\n\n\n<p>Dispon\u00edvel em: <a href=\"https:\/\/www.dw.com\/pt-br\/greve-das-federais-reflete-d%C3%A9cada-de-desfinanciamento-e-demandas-reprimidas\/a-68927790\">https:\/\/www.dw.com\/pt-br\/greve-das-federais-reflete-d%C3%A9cada-de-desfinanciamento-e-demandas-reprimidas\/a-68927790<\/a><\/p>\n","protected":false},"excerpt":{"rendered":"<p>Greve das federais reflete d\u00e9cada de desfinanciamento Em S\u00e3o Paulo, na Universidade Federal do ABC (UFABC), o valor real investido por estudante caiu 28,8% entre 2018 e 2022, no governo do presidente Jair Bolsonaro; j\u00e1 no per\u00edodo entre 2010 e 2021, a queda total foi de 72,7%. O n\u00famero de alunos, aulas e servi\u00e7os prestados,<\/p><\/div>\n<div class=\"blog-btn\"><a href=\"https:\/\/www.pedroandretta.info\/index\/2024\/04\/greve-das-federais-reflete-decada-de-desfinanciamento\/\" class=\"home-blog-btn\">Ler mais<\/a><\/p>\n","protected":false},"author":1,"featured_media":0,"comment_status":"open","ping_status":"open","sticky":false,"template":"","format":"standard","meta":{"_jetpack_memberships_contains_paid_content":false,"footnotes":"","jetpack_publicize_message":"","jetpack_publicize_feature_enabled":true,"jetpack_social_post_already_shared":true,"jetpack_social_options":{"image_generator_settings":{"template":"highway","default_image_id":0,"font":"","enabled":false},"version":2}},"categories":[21],"tags":[3686,819],"class_list":["post-24629","post","type-post","status-publish","format-standard","hentry","category-informeci","tag-greve","tag-universidadespublicas"],"jetpack_publicize_connections":[],"jetpack_featured_media_url":"","views":"","jetpack_sharing_enabled":true,"_links":{"self":[{"href":"https:\/\/www.pedroandretta.info\/index\/wp-json\/wp\/v2\/posts\/24629","targetHints":{"allow":["GET"]}}],"collection":[{"href":"https:\/\/www.pedroandretta.info\/index\/wp-json\/wp\/v2\/posts"}],"about":[{"href":"https:\/\/www.pedroandretta.info\/index\/wp-json\/wp\/v2\/types\/post"}],"author":[{"embeddable":true,"href":"https:\/\/www.pedroandretta.info\/index\/wp-json\/wp\/v2\/users\/1"}],"replies":[{"embeddable":true,"href":"https:\/\/www.pedroandretta.info\/index\/wp-json\/wp\/v2\/comments?post=24629"}],"version-history":[{"count":0,"href":"https:\/\/www.pedroandretta.info\/index\/wp-json\/wp\/v2\/posts\/24629\/revisions"}],"wp:attachment":[{"href":"https:\/\/www.pedroandretta.info\/index\/wp-json\/wp\/v2\/media?parent=24629"}],"wp:term":[{"taxonomy":"category","embeddable":true,"href":"https:\/\/www.pedroandretta.info\/index\/wp-json\/wp\/v2\/categories?post=24629"},{"taxonomy":"post_tag","embeddable":true,"href":"https:\/\/www.pedroandretta.info\/index\/wp-json\/wp\/v2\/tags?post=24629"}],"curies":[{"name":"wp","href":"https:\/\/api.w.org\/{rel}","templated":true}]}}