{"id":24734,"date":"2024-05-05T13:04:01","date_gmt":"2024-05-05T17:04:01","guid":{"rendered":"https:\/\/www.pedroandretta.info\/index\/?p=24734"},"modified":"2024-05-05T13:04:06","modified_gmt":"2024-05-05T17:04:06","slug":"entrevista-com-maria-aparecida-arruda-sobre-sua-pesquisa-que-estabeleceu-diretrizes-para-gestao-e-mediacao-cultural-de-saberes-dos-povos-indigenas-sul-mato-grossense","status":"publish","type":"post","link":"https:\/\/www.pedroandretta.info\/index\/2024\/05\/entrevista-com-maria-aparecida-arruda-sobre-sua-pesquisa-que-estabeleceu-diretrizes-para-gestao-e-mediacao-cultural-de-saberes-dos-povos-indigenas-sul-mato-grossense\/","title":{"rendered":"Entrevista com Maria Aparecida Arruda sobre sua pesquisa que estabeleceu diretrizes para gest\u00e3o e media\u00e7\u00e3o cultural de saberes dos povos ind\u00edgenas Sul-Mato-Grossense"},"content":{"rendered":"\n<p><strong>Entrevista com Maria Aparecida Arruda sobre sua pesquisa que estabeleceu diretrizes para gest\u00e3o e media\u00e7\u00e3o cultural de saberes dos povos ind\u00edgenas Sul-Mato-Grossense<\/strong><\/p>\n\n\n\n<p>Sua tese, intitulada \u201cDiretrizes para a cria\u00e7\u00e3o de sistemas de gest\u00e3o e media\u00e7\u00e3o cultural no \u00e2mbito dos saberes ind\u00edgenas\u201d aborda a quest\u00e3o cultural de saberes\/conhecimentos ind\u00edgenas brasileiros, destacando os povos origin\u00e1rios como sujeitos informacionais, usu\u00e1rios e produtores de informa\u00e7\u00f5es e conhecimentos. Na pesquisa, \u00e9 pontuado que as culturas e saberes ind\u00edgenas s\u00e3o ativos valiosos para o desenvolvimento sustent\u00e1vel, o desenvolvimento da popula\u00e7\u00e3o ind\u00edgena e a preserva\u00e7\u00e3o do meio ambiente, e portanto, \u00e9 de suma import\u00e2ncia serem registradas, preservadas e mediadas por meio das tecnologias digitais informacionais.<\/p>\n\n\n\n<p>#PovosInd\u00edgenas #Media\u00e7\u00e3oCultural<\/p>\n\n\n\n<p>via Divulga-CI<\/p>\n\n\n\n<p>Dispon\u00edvel em: <a href=\"https:\/\/www.divulgaci.labci.online\/v-2-n-4-abr-2024\/entrevista-com-maria-aparecida-arruda-sobre-sua-pesquisa-que-estabeleceu-diretrizes-para-gestao-e-mediacao-cultural-de-saberes-dos-povos-indigenas-sul-mato-grossense\/\">https:\/\/www.divulgaci.labci.online\/v-2-n-4-abr-2024\/entrevista-com-maria-aparecida-arruda-sobre-sua-pesquisa-que-estabeleceu-diretrizes-para-gestao-e-mediacao-cultural-de-saberes-dos-povos-indigenas-sul-mato-grossense\/<\/a><\/p>\n\n\n\n<figure class=\"wp-block-image size-large\"><img data-recalc-dims=\"1\" decoding=\"async\" width=\"425\" height=\"600\" src=\"https:\/\/i0.wp.com\/www.pedroandretta.info\/index\/wp-content\/uploads\/2024\/05\/image-9.png?resize=425%2C600&#038;ssl=1\" alt=\"\" class=\"wp-image-24735\" srcset=\"https:\/\/i0.wp.com\/www.pedroandretta.info\/index\/wp-content\/uploads\/2024\/05\/image-9.png?resize=425%2C600&amp;ssl=1 425w, https:\/\/i0.wp.com\/www.pedroandretta.info\/index\/wp-content\/uploads\/2024\/05\/image-9.png?resize=212%2C300&amp;ssl=1 212w, https:\/\/i0.wp.com\/www.pedroandretta.info\/index\/wp-content\/uploads\/2024\/05\/image-9.png?w=429&amp;ssl=1 429w\" sizes=\"(max-width: 425px) 100vw, 425px\" \/><\/figure>\n","protected":false},"excerpt":{"rendered":"<p>Entrevista com Maria Aparecida Arruda sobre sua pesquisa que estabeleceu diretrizes para gest\u00e3o e media\u00e7\u00e3o cultural de saberes dos povos ind\u00edgenas Sul-Mato-Grossense Sua tese, intitulada \u201cDiretrizes para a cria\u00e7\u00e3o de sistemas de gest\u00e3o e media\u00e7\u00e3o cultural no \u00e2mbito dos saberes ind\u00edgenas\u201d aborda a quest\u00e3o cultural de saberes\/conhecimentos ind\u00edgenas brasileiros, destacando os povos origin\u00e1rios como sujeitos<\/p><\/div>\n<div class=\"blog-btn\"><a href=\"https:\/\/www.pedroandretta.info\/index\/2024\/05\/entrevista-com-maria-aparecida-arruda-sobre-sua-pesquisa-que-estabeleceu-diretrizes-para-gestao-e-mediacao-cultural-de-saberes-dos-povos-indigenas-sul-mato-grossense\/\" class=\"home-blog-btn\">Ler mais<\/a><\/p>\n","protected":false},"author":1,"featured_media":0,"comment_status":"open","ping_status":"open","sticky":false,"template":"","format":"standard","meta":{"_jetpack_memberships_contains_paid_content":false,"footnotes":"","jetpack_publicize_message":"","jetpack_publicize_feature_enabled":true,"jetpack_social_post_already_shared":true,"jetpack_social_options":{"image_generator_settings":{"template":"highway","default_image_id":0,"font":"","enabled":false},"version":2}},"categories":[21],"tags":[954,2700],"class_list":["post-24734","post","type-post","status-publish","format-standard","hentry","category-informeci","tag-mediacaocultural","tag-povosindigenas"],"jetpack_publicize_connections":[],"jetpack_featured_media_url":"","views":"","jetpack_sharing_enabled":true,"_links":{"self":[{"href":"https:\/\/www.pedroandretta.info\/index\/wp-json\/wp\/v2\/posts\/24734","targetHints":{"allow":["GET"]}}],"collection":[{"href":"https:\/\/www.pedroandretta.info\/index\/wp-json\/wp\/v2\/posts"}],"about":[{"href":"https:\/\/www.pedroandretta.info\/index\/wp-json\/wp\/v2\/types\/post"}],"author":[{"embeddable":true,"href":"https:\/\/www.pedroandretta.info\/index\/wp-json\/wp\/v2\/users\/1"}],"replies":[{"embeddable":true,"href":"https:\/\/www.pedroandretta.info\/index\/wp-json\/wp\/v2\/comments?post=24734"}],"version-history":[{"count":0,"href":"https:\/\/www.pedroandretta.info\/index\/wp-json\/wp\/v2\/posts\/24734\/revisions"}],"wp:attachment":[{"href":"https:\/\/www.pedroandretta.info\/index\/wp-json\/wp\/v2\/media?parent=24734"}],"wp:term":[{"taxonomy":"category","embeddable":true,"href":"https:\/\/www.pedroandretta.info\/index\/wp-json\/wp\/v2\/categories?post=24734"},{"taxonomy":"post_tag","embeddable":true,"href":"https:\/\/www.pedroandretta.info\/index\/wp-json\/wp\/v2\/tags?post=24734"}],"curies":[{"name":"wp","href":"https:\/\/api.w.org\/{rel}","templated":true}]}}