{"id":24794,"date":"2024-05-10T12:05:16","date_gmt":"2024-05-10T16:05:16","guid":{"rendered":"https:\/\/www.pedroandretta.info\/index\/?p=24794"},"modified":"2024-05-10T12:05:21","modified_gmt":"2024-05-10T16:05:21","slug":"nos-precisamos-ocupar-o-espaco-da-wikipedia","status":"publish","type":"post","link":"https:\/\/www.pedroandretta.info\/index\/2024\/05\/nos-precisamos-ocupar-o-espaco-da-wikipedia\/","title":{"rendered":"\u201cN\u00f3s precisamos ocupar o espa\u00e7o da Wikip\u00e9dia\u201d"},"content":{"rendered":"\n<p><strong>\u201cN\u00f3s precisamos ocupar o espa\u00e7o da Wikip\u00e9dia\u201d<\/strong><\/p>\n\n\n\n<p>Professora na Universidade Federal de Minas Gerais (UFMG), Mariana de Moraes Silveira defende que historiadoras e historiadores se apropriem da Wikip\u00e9dia como espa\u00e7o de constru\u00e7\u00e3o coletiva do conhecimento e divulga\u00e7\u00e3o cient\u00edfica.<\/p>\n\n\n\n<p>#Wikipedia #Hist\u00f3ria<\/p>\n\n\n\n<p>via Caf\u00e9 Hist\u00f3ria<\/p>\n\n\n\n<p>Dispon\u00edvel em: <a href=\"https:\/\/www.cafehistoria.com.br\/nos-precisamos-ocupar-o-espaco-da-wikipedia\/\">https:\/\/www.cafehistoria.com.br\/nos-precisamos-ocupar-o-espaco-da-wikipedia\/<\/a><\/p>\n","protected":false},"excerpt":{"rendered":"<p>\u201cN\u00f3s precisamos ocupar o espa\u00e7o da Wikip\u00e9dia\u201d Professora na Universidade Federal de Minas Gerais (UFMG), Mariana de Moraes Silveira defende que historiadoras e historiadores se apropriem da Wikip\u00e9dia como espa\u00e7o de constru\u00e7\u00e3o coletiva do conhecimento e divulga\u00e7\u00e3o cient\u00edfica. #Wikipedia #Hist\u00f3ria via Caf\u00e9 Hist\u00f3ria Dispon\u00edvel em: https:\/\/www.cafehistoria.com.br\/nos-precisamos-ocupar-o-espaco-da-wikipedia\/<\/p>\n","protected":false},"author":1,"featured_media":0,"comment_status":"open","ping_status":"open","sticky":false,"template":"","format":"standard","meta":{"_jetpack_newsletter_access":"","_jetpack_dont_email_post_to_subs":false,"_jetpack_newsletter_tier_id":0,"_jetpack_memberships_contains_paywalled_content":false,"_jetpack_feature_clip_id":0,"_jetpack_memberships_contains_paid_content":false,"footnotes":"","jetpack_publicize_message":"","jetpack_publicize_feature_enabled":true,"jetpack_social_post_already_shared":true,"jetpack_social_options":{"image_generator_settings":{"template":"highway","default_image_id":0,"font":"","enabled":false},"version":2},"jetpack_post_was_ever_published":false},"categories":[21],"tags":[345,313],"class_list":["post-24794","post","type-post","status-publish","format-standard","hentry","category-informeci","tag-historia","tag-wikipedia"],"jetpack_publicize_connections":[],"jetpack_featured_media_url":"","views":"","jetpack_sharing_enabled":true,"_links":{"self":[{"href":"https:\/\/www.pedroandretta.info\/index\/wp-json\/wp\/v2\/posts\/24794","targetHints":{"allow":["GET"]}}],"collection":[{"href":"https:\/\/www.pedroandretta.info\/index\/wp-json\/wp\/v2\/posts"}],"about":[{"href":"https:\/\/www.pedroandretta.info\/index\/wp-json\/wp\/v2\/types\/post"}],"author":[{"embeddable":true,"href":"https:\/\/www.pedroandretta.info\/index\/wp-json\/wp\/v2\/users\/1"}],"replies":[{"embeddable":true,"href":"https:\/\/www.pedroandretta.info\/index\/wp-json\/wp\/v2\/comments?post=24794"}],"version-history":[{"count":0,"href":"https:\/\/www.pedroandretta.info\/index\/wp-json\/wp\/v2\/posts\/24794\/revisions"}],"wp:attachment":[{"href":"https:\/\/www.pedroandretta.info\/index\/wp-json\/wp\/v2\/media?parent=24794"}],"wp:term":[{"taxonomy":"category","embeddable":true,"href":"https:\/\/www.pedroandretta.info\/index\/wp-json\/wp\/v2\/categories?post=24794"},{"taxonomy":"post_tag","embeddable":true,"href":"https:\/\/www.pedroandretta.info\/index\/wp-json\/wp\/v2\/tags?post=24794"}],"curies":[{"name":"wp","href":"https:\/\/api.w.org\/{rel}","templated":true}]}}