{"id":24972,"date":"2024-05-23T16:09:57","date_gmt":"2024-05-23T20:09:57","guid":{"rendered":"https:\/\/www.pedroandretta.info\/index\/?p=24972"},"modified":"2024-05-23T16:10:28","modified_gmt":"2024-05-23T20:10:28","slug":"como-a-ia-em-bibliotecas-publicas-pode-beneficiar-bibliotecarios-e-usuarios","status":"publish","type":"post","link":"https:\/\/www.pedroandretta.info\/index\/2024\/05\/como-a-ia-em-bibliotecas-publicas-pode-beneficiar-bibliotecarios-e-usuarios\/","title":{"rendered":"Como a IA em bibliotecas p\u00fablicas pode beneficiar bibliotec\u00e1rios e usu\u00e1rios"},"content":{"rendered":"\n<p><strong>Como a IA em bibliotecas p\u00fablicas pode beneficiar bibliotec\u00e1rios e usu\u00e1rios<\/strong><\/p>\n\n\n\n<p>Os algoritmos de IA podem ajudar os bibliotec\u00e1rios na cria\u00e7\u00e3o e curadoria de conte\u00fado digital, como marca\u00e7\u00e3o de metadados, resumo e enriquecimento de conte\u00fado, para melhorar a descoberta e a usabilidade dos recursos da biblioteca.<\/p>\n\n\n\n<p>Globalmente, a integra\u00e7\u00e3o de tecnologias de IA nas bibliotecas p\u00fablicas pode capacitar o pessoal das bibliotecas para fornecer servi\u00e7os mais personalizados, eficientes e reativos aos seus clientes, refor\u00e7ando, em \u00faltima an\u00e1lise, o importante papel que as bibliotecas desempenham na era digital.<\/p>\n\n\n\n<p>via PressReader<\/p>\n\n\n\n<p>#BibliotecasP\u00fablicas #IA<\/p>\n\n\n\n<p>Dispon\u00edvel em: <a href=\"https:\/\/blog.pressreader.com\/libraries-institutions\/how-ai-in-public-libraries-can-benefit-librarians-and-patrons-alike\">https:\/\/blog.pressreader.com\/libraries-institutions\/how-ai-in-public-libraries-can-benefit-librarians-and-patrons-alike<\/a><\/p>\n","protected":false},"excerpt":{"rendered":"<p>Como a IA em bibliotecas p\u00fablicas pode beneficiar bibliotec\u00e1rios e usu\u00e1rios Os algoritmos de IA podem ajudar os bibliotec\u00e1rios na cria\u00e7\u00e3o e curadoria de conte\u00fado digital, como marca\u00e7\u00e3o de metadados, resumo e enriquecimento de conte\u00fado, para melhorar a descoberta e a usabilidade dos recursos da biblioteca. Globalmente, a integra\u00e7\u00e3o de tecnologias de IA nas bibliotecas<\/p><\/div>\n<div class=\"blog-btn\"><a href=\"https:\/\/www.pedroandretta.info\/index\/2024\/05\/como-a-ia-em-bibliotecas-publicas-pode-beneficiar-bibliotecarios-e-usuarios\/\" class=\"home-blog-btn\">Ler mais<\/a><\/p>\n","protected":false},"author":1,"featured_media":0,"comment_status":"open","ping_status":"open","sticky":false,"template":"","format":"standard","meta":{"_jetpack_memberships_contains_paid_content":false,"footnotes":"","jetpack_publicize_message":"","jetpack_publicize_feature_enabled":true,"jetpack_social_post_already_shared":true,"jetpack_social_options":{"image_generator_settings":{"template":"highway","default_image_id":0,"font":"","enabled":false},"version":2}},"categories":[21],"tags":[39,1994],"class_list":["post-24972","post","type-post","status-publish","format-standard","hentry","category-informeci","tag-bibliotecaspublicas","tag-inteligenciaartificial"],"jetpack_publicize_connections":[],"jetpack_featured_media_url":"","views":"","jetpack_sharing_enabled":true,"_links":{"self":[{"href":"https:\/\/www.pedroandretta.info\/index\/wp-json\/wp\/v2\/posts\/24972","targetHints":{"allow":["GET"]}}],"collection":[{"href":"https:\/\/www.pedroandretta.info\/index\/wp-json\/wp\/v2\/posts"}],"about":[{"href":"https:\/\/www.pedroandretta.info\/index\/wp-json\/wp\/v2\/types\/post"}],"author":[{"embeddable":true,"href":"https:\/\/www.pedroandretta.info\/index\/wp-json\/wp\/v2\/users\/1"}],"replies":[{"embeddable":true,"href":"https:\/\/www.pedroandretta.info\/index\/wp-json\/wp\/v2\/comments?post=24972"}],"version-history":[{"count":0,"href":"https:\/\/www.pedroandretta.info\/index\/wp-json\/wp\/v2\/posts\/24972\/revisions"}],"wp:attachment":[{"href":"https:\/\/www.pedroandretta.info\/index\/wp-json\/wp\/v2\/media?parent=24972"}],"wp:term":[{"taxonomy":"category","embeddable":true,"href":"https:\/\/www.pedroandretta.info\/index\/wp-json\/wp\/v2\/categories?post=24972"},{"taxonomy":"post_tag","embeddable":true,"href":"https:\/\/www.pedroandretta.info\/index\/wp-json\/wp\/v2\/tags?post=24972"}],"curies":[{"name":"wp","href":"https:\/\/api.w.org\/{rel}","templated":true}]}}