{"id":24977,"date":"2024-05-23T16:24:55","date_gmt":"2024-05-23T20:24:55","guid":{"rendered":"https:\/\/www.pedroandretta.info\/index\/?p=24977"},"modified":"2024-05-23T16:25:00","modified_gmt":"2024-05-23T20:25:00","slug":"entrevista-com-gustavo-tanus-sobre-sua-pesquisa-que-analisou-os-caminhos-discursivos-das-literaturas-infantojuvenis-negro-brasileira-e-indigena","status":"publish","type":"post","link":"https:\/\/www.pedroandretta.info\/index\/2024\/05\/entrevista-com-gustavo-tanus-sobre-sua-pesquisa-que-analisou-os-caminhos-discursivos-das-literaturas-infantojuvenis-negro-brasileira-e-indigena\/","title":{"rendered":"Entrevista com Gustavo Tanus sobre sua pesquisa que analisou os caminhos discursivos das literaturas infantojuvenis negro-brasileira e ind\u00edgena"},"content":{"rendered":"\n<p><strong>Entrevista com Gustavo Tanus sobre sua pesquisa que analisou os caminhos discursivos das literaturas infantojuvenis negro-brasileira e ind\u00edgena<\/strong><\/p>\n\n\n\n<p>O importante n\u00e3o \u00e9 a busca pelo in\u00e9dito, mas, partir do respeito \u00e0queles-as que vieram antes de n\u00f3s, respeito ao que movimentaram, ao que produziram de perguntas e respostas, para que pud\u00e9ssemos elaborar respostas, em elabora\u00e7\u00e3o de outras perguntas. Partindo disso como orienta\u00e7\u00e3o, nossos trabalhos sempre ser\u00e3o originais.<\/p>\n\n\n\n<p>#LiteraturaAfroBrasileira #LiteraturaInd\u00edgena #LiteraturaInfantoJuvenil<\/p>\n\n\n\n<p>via Divulga-CI<\/p>\n\n\n\n<p>Dispon\u00edvel em: <a href=\"https:\/\/www.divulgaci.labci.online\/v-2-n-5-maio-2024\/entrevista-com-gustavo-tanus-sobre-sua-pesquisa-que-analisou-os-caminhos-discursivos-das-literaturas-infantojuvenis-negro-brasileira-e-indigena\/\">https:\/\/www.divulgaci.labci.online\/v-2-n-5-maio-2024\/entrevista-com-gustavo-tanus-sobre-sua-pesquisa-que-analisou-os-caminhos-discursivos-das-literaturas-infantojuvenis-negro-brasileira-e-indigena\/<\/a><\/p>\n\n\n\n<figure class=\"wp-block-image size-large\"><img data-recalc-dims=\"1\" decoding=\"async\" width=\"425\" height=\"600\" src=\"https:\/\/i0.wp.com\/www.pedroandretta.info\/index\/wp-content\/uploads\/2024\/05\/image-68.png?resize=425%2C600&#038;ssl=1\" alt=\"\" class=\"wp-image-24983\" srcset=\"https:\/\/i0.wp.com\/www.pedroandretta.info\/index\/wp-content\/uploads\/2024\/05\/image-68.png?resize=425%2C600&amp;ssl=1 425w, https:\/\/i0.wp.com\/www.pedroandretta.info\/index\/wp-content\/uploads\/2024\/05\/image-68.png?resize=212%2C300&amp;ssl=1 212w, https:\/\/i0.wp.com\/www.pedroandretta.info\/index\/wp-content\/uploads\/2024\/05\/image-68.png?w=429&amp;ssl=1 429w\" sizes=\"(max-width: 425px) 100vw, 425px\" \/><\/figure>\n","protected":false},"excerpt":{"rendered":"<p>Entrevista com Gustavo Tanus sobre sua pesquisa que analisou os caminhos discursivos das literaturas infantojuvenis negro-brasileira e ind\u00edgena O importante n\u00e3o \u00e9 a busca pelo in\u00e9dito, mas, partir do respeito \u00e0queles-as que vieram antes de n\u00f3s, respeito ao que movimentaram, ao que produziram de perguntas e respostas, para que pud\u00e9ssemos elaborar respostas, em elabora\u00e7\u00e3o de<\/p><\/div>\n<div class=\"blog-btn\"><a href=\"https:\/\/www.pedroandretta.info\/index\/2024\/05\/entrevista-com-gustavo-tanus-sobre-sua-pesquisa-que-analisou-os-caminhos-discursivos-das-literaturas-infantojuvenis-negro-brasileira-e-indigena\/\" class=\"home-blog-btn\">Ler mais<\/a><\/p>\n","protected":false},"author":1,"featured_media":0,"comment_status":"open","ping_status":"open","sticky":false,"template":"","format":"standard","meta":{"_jetpack_memberships_contains_paid_content":false,"footnotes":"","jetpack_publicize_message":"","jetpack_publicize_feature_enabled":true,"jetpack_social_post_already_shared":true,"jetpack_social_options":{"image_generator_settings":{"template":"highway","default_image_id":0,"font":"","enabled":false},"version":2}},"categories":[21],"tags":[1237,1181,472],"class_list":["post-24977","post","type-post","status-publish","format-standard","hentry","category-informeci","tag-literaturaafrobrasileira","tag-literaturaindigena","tag-literaturainfantojuvenil"],"jetpack_publicize_connections":[],"jetpack_featured_media_url":"","views":"","jetpack_sharing_enabled":true,"_links":{"self":[{"href":"https:\/\/www.pedroandretta.info\/index\/wp-json\/wp\/v2\/posts\/24977","targetHints":{"allow":["GET"]}}],"collection":[{"href":"https:\/\/www.pedroandretta.info\/index\/wp-json\/wp\/v2\/posts"}],"about":[{"href":"https:\/\/www.pedroandretta.info\/index\/wp-json\/wp\/v2\/types\/post"}],"author":[{"embeddable":true,"href":"https:\/\/www.pedroandretta.info\/index\/wp-json\/wp\/v2\/users\/1"}],"replies":[{"embeddable":true,"href":"https:\/\/www.pedroandretta.info\/index\/wp-json\/wp\/v2\/comments?post=24977"}],"version-history":[{"count":0,"href":"https:\/\/www.pedroandretta.info\/index\/wp-json\/wp\/v2\/posts\/24977\/revisions"}],"wp:attachment":[{"href":"https:\/\/www.pedroandretta.info\/index\/wp-json\/wp\/v2\/media?parent=24977"}],"wp:term":[{"taxonomy":"category","embeddable":true,"href":"https:\/\/www.pedroandretta.info\/index\/wp-json\/wp\/v2\/categories?post=24977"},{"taxonomy":"post_tag","embeddable":true,"href":"https:\/\/www.pedroandretta.info\/index\/wp-json\/wp\/v2\/tags?post=24977"}],"curies":[{"name":"wp","href":"https:\/\/api.w.org\/{rel}","templated":true}]}}