{"id":24985,"date":"2024-05-24T17:46:57","date_gmt":"2024-05-24T21:46:57","guid":{"rendered":"https:\/\/www.pedroandretta.info\/index\/?p=24985"},"modified":"2024-05-24T17:47:02","modified_gmt":"2024-05-24T21:47:02","slug":"numeros-do-mercado-editorial-brasileiro-apontam-para-gargalos-preco-do-livro-demanda-e-modelos-de-vendas","status":"publish","type":"post","link":"https:\/\/www.pedroandretta.info\/index\/2024\/05\/numeros-do-mercado-editorial-brasileiro-apontam-para-gargalos-preco-do-livro-demanda-e-modelos-de-vendas\/","title":{"rendered":"N\u00fameros do mercado editorial brasileiro apontam para gargalos: pre\u00e7o do livro, demanda e modelos de vendas"},"content":{"rendered":"\n<p><strong>N\u00fameros do mercado editorial brasileiro apontam para gargalos: pre\u00e7o do livro, demanda e modelos de vendas<\/strong><\/p>\n\n\n\n<p>Em 2023, o setor editorial brasileiro registrou um faturamento de R$ 4 bilh\u00f5es nas vendas ao mercado, o que representa recuo nominal de 0,8% em compara\u00e7\u00e3o com o ano anterior. Em volume, a quantidade de exemplares vendidos caiu 8%.<\/p>\n\n\n\n<p>#MercadoEditorial<\/p>\n\n\n\n<p>via PublishNews<\/p>\n\n\n\n<p>Dispon\u00edvel em: <a href=\"https:\/\/www.publishnews.com.br\/materias\/2024\/05\/23\/numeros-do-mercado-editorial-brasileiro-apontam-para-gargalos-preco-do-livro-demanda-e-modelos-de-vendas\">https:\/\/www.publishnews.com.br\/materias\/2024\/05\/23\/numeros-do-mercado-editorial-brasileiro-apontam-para-gargalos-preco-do-livro-demanda-e-modelos-de-vendas<\/a><\/p>\n\n\n\n<figure class=\"wp-block-image size-large\"><img data-recalc-dims=\"1\" decoding=\"async\" width=\"600\" height=\"378\" src=\"https:\/\/i0.wp.com\/www.pedroandretta.info\/index\/wp-content\/uploads\/2024\/05\/image-69.png?resize=600%2C378&#038;ssl=1\" alt=\"\" class=\"wp-image-24986\" srcset=\"https:\/\/i0.wp.com\/www.pedroandretta.info\/index\/wp-content\/uploads\/2024\/05\/image-69.png?resize=600%2C378&amp;ssl=1 600w, https:\/\/i0.wp.com\/www.pedroandretta.info\/index\/wp-content\/uploads\/2024\/05\/image-69.png?resize=300%2C189&amp;ssl=1 300w, https:\/\/i0.wp.com\/www.pedroandretta.info\/index\/wp-content\/uploads\/2024\/05\/image-69.png?w=768&amp;ssl=1 768w\" sizes=\"(max-width: 600px) 100vw, 600px\" \/><\/figure>\n","protected":false},"excerpt":{"rendered":"<p>N\u00fameros do mercado editorial brasileiro apontam para gargalos: pre\u00e7o do livro, demanda e modelos de vendas Em 2023, o setor editorial brasileiro registrou um faturamento de R$ 4 bilh\u00f5es nas vendas ao mercado, o que representa recuo nominal de 0,8% em compara\u00e7\u00e3o com o ano anterior. Em volume, a quantidade de exemplares vendidos caiu 8%.<\/p><\/div>\n<div class=\"blog-btn\"><a href=\"https:\/\/www.pedroandretta.info\/index\/2024\/05\/numeros-do-mercado-editorial-brasileiro-apontam-para-gargalos-preco-do-livro-demanda-e-modelos-de-vendas\/\" class=\"home-blog-btn\">Ler mais<\/a><\/p>\n","protected":false},"author":1,"featured_media":0,"comment_status":"open","ping_status":"open","sticky":false,"template":"","format":"standard","meta":{"_jetpack_memberships_contains_paid_content":false,"footnotes":"","jetpack_publicize_message":"","jetpack_publicize_feature_enabled":true,"jetpack_social_post_already_shared":true,"jetpack_social_options":{"image_generator_settings":{"template":"highway","default_image_id":0,"font":"","enabled":false},"version":2}},"categories":[21],"tags":[367],"class_list":["post-24985","post","type-post","status-publish","format-standard","hentry","category-informeci","tag-mercadoeditorial"],"jetpack_publicize_connections":[],"jetpack_featured_media_url":"","views":"","jetpack_sharing_enabled":true,"_links":{"self":[{"href":"https:\/\/www.pedroandretta.info\/index\/wp-json\/wp\/v2\/posts\/24985","targetHints":{"allow":["GET"]}}],"collection":[{"href":"https:\/\/www.pedroandretta.info\/index\/wp-json\/wp\/v2\/posts"}],"about":[{"href":"https:\/\/www.pedroandretta.info\/index\/wp-json\/wp\/v2\/types\/post"}],"author":[{"embeddable":true,"href":"https:\/\/www.pedroandretta.info\/index\/wp-json\/wp\/v2\/users\/1"}],"replies":[{"embeddable":true,"href":"https:\/\/www.pedroandretta.info\/index\/wp-json\/wp\/v2\/comments?post=24985"}],"version-history":[{"count":0,"href":"https:\/\/www.pedroandretta.info\/index\/wp-json\/wp\/v2\/posts\/24985\/revisions"}],"wp:attachment":[{"href":"https:\/\/www.pedroandretta.info\/index\/wp-json\/wp\/v2\/media?parent=24985"}],"wp:term":[{"taxonomy":"category","embeddable":true,"href":"https:\/\/www.pedroandretta.info\/index\/wp-json\/wp\/v2\/categories?post=24985"},{"taxonomy":"post_tag","embeddable":true,"href":"https:\/\/www.pedroandretta.info\/index\/wp-json\/wp\/v2\/tags?post=24985"}],"curies":[{"name":"wp","href":"https:\/\/api.w.org\/{rel}","templated":true}]}}