{"id":24988,"date":"2024-05-24T17:50:40","date_gmt":"2024-05-24T21:50:40","guid":{"rendered":"https:\/\/www.pedroandretta.info\/index\/?p=24988"},"modified":"2024-05-24T17:51:02","modified_gmt":"2024-05-24T21:51:02","slug":"bibliotecas-e-plataformas-virtuais-impulsionam-numeros-do-livro-digital-no-brasil","status":"publish","type":"post","link":"https:\/\/www.pedroandretta.info\/index\/2024\/05\/bibliotecas-e-plataformas-virtuais-impulsionam-numeros-do-livro-digital-no-brasil\/","title":{"rendered":"Bibliotecas e plataformas virtuais impulsionam n\u00fameros do livro digital no Brasil"},"content":{"rendered":"\n<p><strong>Bibliotecas e plataformas virtuais impulsionam n\u00fameros do livro digital no Brasil<\/strong><\/p>\n\n\n\n<p>Conte\u00fado digital representa 8% do faturamento do mercado editorial brasileiro; com o avan\u00e7o do digital, subsetor de CTP come\u00e7a a reverter a queda que j\u00e1 se d\u00e1 h\u00e1 mais de dez anos; audiolivros tamb\u00e9m chamam aten\u00e7\u00e3o.<\/p>\n\n\n\n<p>#MercadoEditorial<\/p>\n\n\n\n<p>via PublishNews<\/p>\n\n\n\n<p>Dispon\u00edvel em: <a href=\"https:\/\/www.publishnews.com.br\/materias\/2024\/05\/24\/bibliotecas-e-plataformas-virtuais-impulsionam-numeros-do-livro-digital-no-brasil\">https:\/\/www.publishnews.com.br\/materias\/2024\/05\/24\/bibliotecas-e-plataformas-virtuais-impulsionam-numeros-do-livro-digital-no-brasil<\/a><\/p>\n\n\n\n<figure class=\"wp-block-image size-large\"><img data-recalc-dims=\"1\" decoding=\"async\" width=\"600\" height=\"329\" src=\"https:\/\/i0.wp.com\/www.pedroandretta.info\/index\/wp-content\/uploads\/2024\/05\/image-70.png?resize=600%2C329&#038;ssl=1\" alt=\"\" class=\"wp-image-24989\" srcset=\"https:\/\/i0.wp.com\/www.pedroandretta.info\/index\/wp-content\/uploads\/2024\/05\/image-70.png?resize=600%2C329&amp;ssl=1 600w, https:\/\/i0.wp.com\/www.pedroandretta.info\/index\/wp-content\/uploads\/2024\/05\/image-70.png?resize=300%2C165&amp;ssl=1 300w, https:\/\/i0.wp.com\/www.pedroandretta.info\/index\/wp-content\/uploads\/2024\/05\/image-70.png?w=722&amp;ssl=1 722w\" sizes=\"(max-width: 600px) 100vw, 600px\" \/><\/figure>\n","protected":false},"excerpt":{"rendered":"<p>Bibliotecas e plataformas virtuais impulsionam n\u00fameros do livro digital no Brasil Conte\u00fado digital representa 8% do faturamento do mercado editorial brasileiro; com o avan\u00e7o do digital, subsetor de CTP come\u00e7a a reverter a queda que j\u00e1 se d\u00e1 h\u00e1 mais de dez anos; audiolivros tamb\u00e9m chamam aten\u00e7\u00e3o. #MercadoEditorial via PublishNews Dispon\u00edvel em: https:\/\/www.publishnews.com.br\/materias\/2024\/05\/24\/bibliotecas-e-plataformas-virtuais-impulsionam-numeros-do-livro-digital-no-brasil<\/p>\n","protected":false},"author":1,"featured_media":0,"comment_status":"open","ping_status":"open","sticky":false,"template":"","format":"standard","meta":{"_jetpack_memberships_contains_paid_content":false,"footnotes":"","jetpack_publicize_message":"","jetpack_publicize_feature_enabled":true,"jetpack_social_post_already_shared":true,"jetpack_social_options":{"image_generator_settings":{"template":"highway","default_image_id":0,"font":"","enabled":false},"version":2}},"categories":[21],"tags":[367],"class_list":["post-24988","post","type-post","status-publish","format-standard","hentry","category-informeci","tag-mercadoeditorial"],"jetpack_publicize_connections":[],"jetpack_featured_media_url":"","views":"","jetpack_sharing_enabled":true,"_links":{"self":[{"href":"https:\/\/www.pedroandretta.info\/index\/wp-json\/wp\/v2\/posts\/24988","targetHints":{"allow":["GET"]}}],"collection":[{"href":"https:\/\/www.pedroandretta.info\/index\/wp-json\/wp\/v2\/posts"}],"about":[{"href":"https:\/\/www.pedroandretta.info\/index\/wp-json\/wp\/v2\/types\/post"}],"author":[{"embeddable":true,"href":"https:\/\/www.pedroandretta.info\/index\/wp-json\/wp\/v2\/users\/1"}],"replies":[{"embeddable":true,"href":"https:\/\/www.pedroandretta.info\/index\/wp-json\/wp\/v2\/comments?post=24988"}],"version-history":[{"count":0,"href":"https:\/\/www.pedroandretta.info\/index\/wp-json\/wp\/v2\/posts\/24988\/revisions"}],"wp:attachment":[{"href":"https:\/\/www.pedroandretta.info\/index\/wp-json\/wp\/v2\/media?parent=24988"}],"wp:term":[{"taxonomy":"category","embeddable":true,"href":"https:\/\/www.pedroandretta.info\/index\/wp-json\/wp\/v2\/categories?post=24988"},{"taxonomy":"post_tag","embeddable":true,"href":"https:\/\/www.pedroandretta.info\/index\/wp-json\/wp\/v2\/tags?post=24988"}],"curies":[{"name":"wp","href":"https:\/\/api.w.org\/{rel}","templated":true}]}}